{"id":1197,"date":"2022-10-08T19:34:47","date_gmt":"2022-10-08T19:34:47","guid":{"rendered":"https:\/\/icumbertidemontonepietralunga.edu.it\/?p=1197"},"modified":"2022-10-12T18:25:00","modified_gmt":"2022-10-12T18:25:00","slug":"inserire-progetti-e-schede-didattiche-nel-sito-web-dellistituto","status":"publish","type":"post","link":"https:\/\/icumbertidemontonepietralunga.edu.it\/index.php\/2022\/10\/08\/inserire-progetti-e-schede-didattiche-nel-sito-web-dellistituto\/","title":{"rendered":"Inserire progetti e schede didattiche nel sito web dell&#8217;Istituto"},"content":{"rendered":"<p><a href=\"https:\/\/umbertidemontonepietralunga.sharepoint.com\/:v:\/r\/sites\/HelpDesk\/Documenti%20condivisi\/Guide%20utilizzo%20Teams\/Nuova%20riunione%20del%20canale-20221008_210651-Registrazione%20della%20riunione.mp4?csf=1&amp;web=1&amp;e=ovMP6I\">Inserimento di progetti e schede didattiche nel sito web dell&#8217;istituto<\/a><\/p>\n<p>&nbsp;<\/p>\n<p>&nbsp;<\/p>\n<p>&nbsp;<\/p>\n<p>&nbsp;<\/p>\n","protected":false},"excerpt":{"rendered":"<p>Inserimento di progetti e schede didattiche nel sito web dell&#8217;istituto &nbsp; &nbsp; &nbsp; &nbsp;<\/p>\n","protected":false},"author":1,"featured_media":0,"comment_status":"closed","ping_status":"closed","sticky":false,"template":"","format":"standard","meta":{"_acf_changed":false,"advanced_seo_description":"","jetpack_seo_html_title":"","jetpack_seo_noindex":false,"_jetpack_newsletter_access":"","_jetpack_dont_email_post_to_subs":false,"_jetpack_newsletter_tier_id":0,"_jetpack_memberships_contains_paywalled_content":false,"_jetpack_memberships_contains_paid_content":false,"footnotes":""},"tags":[357,237],"class_list":["post-1197","post","type-post","status-publish","format-standard","hentry","tag-guide-office365","tag-news-pnsd","tipologia-articolo-articoli"],"acf":[],"jetpack_featured_media_url":"","jetpack-related-posts":[{"id":1207,"url":"https:\/\/icumbertidemontonepietralunga.edu.it\/index.php\/2022\/10\/10\/come-inserire-progetti-e-attivita-didattiche\/","url_meta":{"origin":1197,"position":0},"title":"Come inserire progetti e attivit\u00e0 didattiche","author":"admin","date":"10 Ottobre 2022","format":false,"excerpt":"Come inserire progetti e attivit\u00e0 didattiche","rel":"","context":"In \"Guide FS AREA IV\"","block_context":{"text":"Guide FS AREA IV","link":"https:\/\/icumbertidemontonepietralunga.edu.it\/index.php\/argomento\/guide-fs-area-iv\/"},"img":{"alt_text":"","src":"","width":0,"height":0},"classes":[]},{"id":1431,"url":"https:\/\/icumbertidemontonepietralunga.edu.it\/index.php\/2022\/10\/28\/banca-ditalia-avvio-progetto-educazione-finanziaria-in-umbria-per-le-scuole-primarie\/","url_meta":{"origin":1197,"position":1},"title":"Banca d&#8217;Italia. Avvio progetto educazione finanziaria in Umbria per le scuole primarie.","author":"Angela Lucaccioni","date":"28 Ottobre 2022","format":false,"excerpt":"Gentilissima\/Preg.mo Dirigente, ho il piacere di comunicare l\u2019avvio \u2013 da parte di questa Filiale - del progetto di educazione finanziaria per le scuole Ministero dell\u2019Istruzione-Banca d\u2019Italia per l\u2019a.s. 2022-2023. Per l\u2019adesione \u00e8 sufficiente che ciascuno dei docenti interessati compili la scheda on line reperibile al seguente link:\u00a0https:\/\/sondaggi.bancaditalia.it\/web\/879821?lang=it; tale adesione riveste\u2026","rel":"","context":"In \"News Aggiornamento e formazione\"","block_context":{"text":"News Aggiornamento e formazione","link":"https:\/\/icumbertidemontonepietralunga.edu.it\/index.php\/argomento\/aggiornamento-e-formazione\/"},"img":{"alt_text":"","src":"https:\/\/i0.wp.com\/icumbertidemontonepietralunga.edu.it\/wp-content\/uploads\/2022\/10\/image005.png?fit=321%2C478&ssl=1&resize=350%2C200","width":350,"height":200},"classes":[]},{"id":65,"url":"https:\/\/icumbertidemontonepietralunga.edu.it\/index.php\/2022\/07\/10\/prova\/","url_meta":{"origin":1197,"position":2},"title":"Nuovo sito web dell&#8217;istituto","author":"admin","date":"10 Luglio 2022","format":false,"excerpt":"Il sito web dell'istituto comprensivo \u00e8 in fase di aggiornamento. Questo si rende necessario per aggiornare lo stesso agli standard previsti dalle linee guida PA promosse da AGID (Agenzia per l'Italia Digitale) e dal Dipartimento per la Trasformazione Digitale. Quanto prima saranno accessibili tutti i servizi.","rel":"","context":"Articolo simile","block_context":{"text":"Articolo simile","link":""},"img":{"alt_text":"","src":"","width":0,"height":0},"classes":[]},{"id":1688,"url":"https:\/\/icumbertidemontonepietralunga.edu.it\/index.php\/2022\/11\/19\/museo-montefalco_proposta-didattica-2022-2023\/","url_meta":{"origin":1197,"position":3},"title":"MUSEO MONTEFALCO_PROPOSTA DIDATTICA 2022\/2023","author":"Angela Lucaccioni","date":"19 Novembre 2022","format":false,"excerpt":"Egregio Dirigente,\u00a0 \u00e8 nostro piacere presentarLe la nostra offerta didattica per l\u2019anno scolastico 2022\/2023, con la preghiera di massima diffusione presso i Docenti del Suo Istituto.\u00a0 La nostra progettazione di esperienze didattiche per bambini e ragazzi\u00a0 privilegiano l\u2019apprendimento attivo attraverso l\u2019esperienza. Ci\u00f2 che contraddistingue il nostro servizio \u00e8 la qualit\u00e0\u2026","rel":"","context":"In \"News Aggiornamento e formazione\"","block_context":{"text":"News Aggiornamento e formazione","link":"https:\/\/icumbertidemontonepietralunga.edu.it\/index.php\/argomento\/aggiornamento-e-formazione\/"},"img":{"alt_text":"","src":"","width":0,"height":0},"classes":[]},{"id":4079,"url":"https:\/\/icumbertidemontonepietralunga.edu.it\/index.php\/2025\/01\/10\/open-day-25-01-2025-istituto-tecnico-franchetti-salviani\/","url_meta":{"origin":1197,"position":4},"title":"OPEN DAY 25\/01\/2025 Istituto Tecnico &#8220;Franchetti &#8211; Salviani&#8221;","author":"Anna Rita Belmonti","date":"10 Gennaio 2025","format":false,"excerpt":"open day straordinario (2) Visto il posticipo delle iscrizioni per il prossimo anno scolastico, al fine di agevolare genitori e studenti ad una scelta consapevole, abbiamo preso la decisione di aprire straordinariamente la nostra sede Franchetti, per la presentazione dell\u2019offerta formativa, SABATO 25\/01\/2024 dalle ore 14.30 alle ore 17.30 senza\u2026","rel":"","context":"Articolo simile","block_context":{"text":"Articolo simile","link":""},"img":{"alt_text":"","src":"","width":0,"height":0},"classes":[]},{"id":1220,"url":"https:\/\/icumbertidemontonepietralunga.edu.it\/index.php\/2022\/10\/10\/iscrizioni-al-progetto-educativo-ioirischi-junior-2022-2023\/","url_meta":{"origin":1197,"position":5},"title":"Iscrizioni al progetto educativo Io&amp;irischi junior 2022-2023","author":"Angela Lucaccioni","date":"10 Ottobre 2022","format":false,"excerpt":"Gentile Dirigente Scolastico, gentile Docente, abbiamo il piacere di proporvi l'edizione 2022-2023 di\u00a0Io&irischi junior, progetto educativo su\u00a0rischio,\u00a0prevenzione\u00a0e\u00a0mutualit\u00e0 per le scuole secondarie di I grado, promosso da\u00a0Forum ANIA-Consumatori\u00a0per formare nei giovani\u00a0competenze\u00a0da futuri cittadini responsabili e consapevoli. Il\u00a0percorso ludico-didattico\u00a0allena gli studenti a riconoscere\u00a0il\u00a0rischio\u00a0e le sue implicazioni in ogni situazione di vita, e\u2026","rel":"","context":"In \"News progetti\"","block_context":{"text":"News progetti","link":"https:\/\/icumbertidemontonepietralunga.edu.it\/index.php\/argomento\/news-progetti\/"},"img":{"alt_text":"","src":"","width":0,"height":0},"classes":[]}],"jetpack_sharing_enabled":true,"_links":{"self":[{"href":"https:\/\/icumbertidemontonepietralunga.edu.it\/index.php\/wp-json\/wp\/v2\/posts\/1197","targetHints":{"allow":["GET"]}}],"collection":[{"href":"https:\/\/icumbertidemontonepietralunga.edu.it\/index.php\/wp-json\/wp\/v2\/posts"}],"about":[{"href":"https:\/\/icumbertidemontonepietralunga.edu.it\/index.php\/wp-json\/wp\/v2\/types\/post"}],"author":[{"embeddable":true,"href":"https:\/\/icumbertidemontonepietralunga.edu.it\/index.php\/wp-json\/wp\/v2\/users\/1"}],"replies":[{"embeddable":true,"href":"https:\/\/icumbertidemontonepietralunga.edu.it\/index.php\/wp-json\/wp\/v2\/comments?post=1197"}],"version-history":[{"count":1,"href":"https:\/\/icumbertidemontonepietralunga.edu.it\/index.php\/wp-json\/wp\/v2\/posts\/1197\/revisions"}],"predecessor-version":[{"id":1198,"href":"https:\/\/icumbertidemontonepietralunga.edu.it\/index.php\/wp-json\/wp\/v2\/posts\/1197\/revisions\/1198"}],"wp:attachment":[{"href":"https:\/\/icumbertidemontonepietralunga.edu.it\/index.php\/wp-json\/wp\/v2\/media?parent=1197"}],"wp:term":[{"taxonomy":"post_tag","embeddable":true,"href":"https:\/\/icumbertidemontonepietralunga.edu.it\/index.php\/wp-json\/wp\/v2\/tags?post=1197"}],"curies":[{"name":"wp","href":"https:\/\/api.w.org\/{rel}","templated":true}]}}