{"id":4270,"date":"2025-02-28T08:44:23","date_gmt":"2025-02-28T07:44:23","guid":{"rendered":"https:\/\/icumbertidemontonepietralunga.edu.it\/?p=4270"},"modified":"2025-02-28T09:19:55","modified_gmt":"2025-02-28T08:19:55","slug":"erasmus-a-vienna-incontro-crescita-e-nuove-prospettive","status":"publish","type":"post","link":"https:\/\/icumbertidemontonepietralunga.edu.it\/index.php\/2025\/02\/28\/erasmus-a-vienna-incontro-crescita-e-nuove-prospettive\/","title":{"rendered":"Erasmus+ a Vienna: incontro, crescita e nuove prospettive"},"content":{"rendered":"<p><span data-contrast=\"auto\">In questi giorni di fine febbraio, due docenti della Scuola secondaria dell&#8217;Istituto Comprensivo Umbertide Montone Pietralunga stanno partecipando a una visita preparatoria presso la <\/span><a href=\"https:\/\/www.campuschristinenoestlinger.at\/\"><b><span data-contrast=\"auto\">Mittelschule Campus Christine N\u00f6stlinger<\/span><\/b><\/a><span data-contrast=\"auto\"> di Vienna. Questo viaggio rappresenta un tassello fondamentale del nostro progetto <\/span><a href=\"https:\/\/www.erasmusplus.it\/\"><b><span data-contrast=\"auto\">Erasmus+<\/span><\/b><\/a><span data-contrast=\"auto\">, che ad aprile vedr\u00e0 protagonisti sei studenti delle classi terze di uno dei nostri plessi in una visita educativa e culturale nella capitale austriaca, mentre altri 13 di loro avranno l&#8217;occasione di visitare il Nord della Francia e le Fiandre grazie a un nuovo scambio a P\u00e9renchies, e, in maggio, altri 8 alunni delle classi seconde andranno in Belgio, a Beauraing.<\/span><\/p>\n<p><span data-contrast=\"auto\">Le insegnanti in visita a Vienna stanno avendo l&#8217;opportunit\u00e0 di conoscere da vicino il sistema scolastico austriaco, assistere alle lezioni e confrontarsi con i colleghi locali per definire il programma e le attivit\u00e0 da proporre in aprile: un\u2019occasione per rompere il ghiaccio e creare le basi per un\u2019esperienza internazionale coinvolgente ed efficace tanto per gli insegnanti che per gli alunni.<\/span><span data-ccp-props=\"{&quot;134233117&quot;:false,&quot;134233118&quot;:false,&quot;335551550&quot;:0,&quot;335551620&quot;:0,&quot;335559738&quot;:240,&quot;335559739&quot;:240}\">\u00a0<\/span><\/p>\n<p><span data-contrast=\"auto\">Oltre agli aspetti organizzativi, la visita sta permettendo di scoprire il contesto culturale e sociale della scuola ospitante, sottolineando l&#8217;importanza del dialogo interculturale e della condivisione di buone pratiche educative. L&#8217;accoglienza calorosa ricevuta conferma quanto sia preziosa la collaborazione tra le scuole europee per arricchire il percorso di crescita degli studenti.<\/span><span data-ccp-props=\"{&quot;134233117&quot;:false,&quot;134233118&quot;:false,&quot;335551550&quot;:0,&quot;335551620&quot;:0,&quot;335559738&quot;:240,&quot;335559739&quot;:240}\">\u00a0<\/span><\/p>\n<p>Questo scambio si caratterizza anche per la scelta di una <strong data-start=\"1425\" data-end=\"1443\">mobilit\u00e0 green<\/strong>: la capitale austriaca \u00e8 stata raggiunta dalle insegnanti in treno, e lo stesso faranno gli studenti ad aprile. Un&#8217;opzione sostenibile che mira a promuovere anche una maggiore consapevolezza sull&#8217;impatto ambientale dei trasporti e sulle alternative pi\u00f9 ecologiche (e forse pi\u00f9 divertenti!) all&#8217;aereo.<\/p>\n<p>Erasmus+<span data-contrast=\"auto\"> si conferma dunque un\u2019opportunit\u00e0 straordinaria per i nostri ragazzi, che potranno immergersi nella vita scolastica di altri paesi europei, migliorare le loro competenze linguistiche e interpersonali e sviluppare un\u2019apertura verso nuove realt\u00e0 nell&#8217;ottica di una vera cittadinanza europea.<\/span><\/p>\n<p><span data-contrast=\"auto\">Siamo certi che il nostro progetto Erasmus+ lascer\u00e0 un segno profondo nel percorso formativo e personale di tutti i partecipanti e getter\u00e0 i semi per nuovi rigogliosi progetti internazionali!<\/span><span data-ccp-props=\"{&quot;134233117&quot;:false,&quot;134233118&quot;:false,&quot;335551550&quot;:0,&quot;335551620&quot;:0,&quot;335559738&quot;:240,&quot;335559739&quot;:240}\">\u00a0<\/span><\/p>\n<p>&nbsp;<\/p>\n<div id=\"attachment_4272\" style=\"width: 778px\" class=\"wp-caption alignnone\"><img data-recalc-dims=\"1\" loading=\"lazy\" decoding=\"async\" aria-describedby=\"caption-attachment-4272\" data-attachment-id=\"4272\" data-permalink=\"https:\/\/icumbertidemontonepietralunga.edu.it\/index.php\/2025\/02\/28\/erasmus-a-vienna-incontro-crescita-e-nuove-prospettive\/img_5957-2\/\" data-orig-file=\"https:\/\/i0.wp.com\/icumbertidemontonepietralunga.edu.it\/wp-content\/uploads\/2025\/02\/IMG_5957-1-scaled.jpg?fit=1920%2C2560&amp;ssl=1\" data-orig-size=\"1920,2560\" data-comments-opened=\"0\" data-image-meta=\"{&quot;aperture&quot;:&quot;1.6&quot;,&quot;credit&quot;:&quot;&quot;,&quot;camera&quot;:&quot;iPhone 13&quot;,&quot;caption&quot;:&quot;&quot;,&quot;created_timestamp&quot;:&quot;1740729737&quot;,&quot;copyright&quot;:&quot;&quot;,&quot;focal_length&quot;:&quot;5.1&quot;,&quot;iso&quot;:&quot;50&quot;,&quot;shutter_speed&quot;:&quot;0.001025641025641&quot;,&quot;title&quot;:&quot;&quot;,&quot;orientation&quot;:&quot;1&quot;}\" data-image-title=\"\" data-image-description=\"\" data-image-caption=\"&lt;p&gt;Il Campus Christine N\u00f6stlinger di Vienna.&lt;\/p&gt;\n\" data-large-file=\"https:\/\/i0.wp.com\/icumbertidemontonepietralunga.edu.it\/wp-content\/uploads\/2025\/02\/IMG_5957-1-scaled.jpg?fit=768%2C1024&amp;ssl=1\" class=\"size-large wp-image-4272\" src=\"https:\/\/i0.wp.com\/icumbertidemontonepietralunga.edu.it\/wp-content\/uploads\/2025\/02\/IMG_5957-1.jpg?resize=768%2C1024&#038;ssl=1\" alt=\"Scuola, parco, architettura\" width=\"768\" height=\"1024\" srcset=\"https:\/\/i0.wp.com\/icumbertidemontonepietralunga.edu.it\/wp-content\/uploads\/2025\/02\/IMG_5957-1-scaled.jpg?resize=768%2C1024&amp;ssl=1 768w, https:\/\/i0.wp.com\/icumbertidemontonepietralunga.edu.it\/wp-content\/uploads\/2025\/02\/IMG_5957-1-scaled.jpg?resize=225%2C300&amp;ssl=1 225w, https:\/\/i0.wp.com\/icumbertidemontonepietralunga.edu.it\/wp-content\/uploads\/2025\/02\/IMG_5957-1-scaled.jpg?resize=1152%2C1536&amp;ssl=1 1152w, https:\/\/i0.wp.com\/icumbertidemontonepietralunga.edu.it\/wp-content\/uploads\/2025\/02\/IMG_5957-1-scaled.jpg?resize=1536%2C2048&amp;ssl=1 1536w, https:\/\/i0.wp.com\/icumbertidemontonepietralunga.edu.it\/wp-content\/uploads\/2025\/02\/IMG_5957-1-scaled.jpg?resize=188%2C250&amp;ssl=1 188w, https:\/\/i0.wp.com\/icumbertidemontonepietralunga.edu.it\/wp-content\/uploads\/2025\/02\/IMG_5957-1-scaled.jpg?w=1920&amp;ssl=1 1920w\" sizes=\"auto, (max-width: 768px) 100vw, 768px\" \/><p id=\"caption-attachment-4272\" class=\"wp-caption-text\">Il Campus Christine N\u00f6stlinger di Vienna.<\/p><\/div>\n","protected":false},"excerpt":{"rendered":"<p>In questi giorni di fine febbraio, due docenti della Scuola secondaria dell&#8217;Istituto Comprensivo Umbertide Montone Pietralunga stanno partecipando a una visita preparatoria presso la Mittelschule Campus Christine N\u00f6stlinger di Vienna. Questo viaggio rappresenta un tassello fondamentale [&hellip;]<\/p>\n","protected":false},"author":53,"featured_media":4275,"comment_status":"closed","ping_status":"closed","sticky":false,"template":"","format":"standard","meta":{"_acf_changed":false,"advanced_seo_description":"","jetpack_seo_html_title":"","jetpack_seo_noindex":false,"_jetpack_newsletter_access":"","_jetpack_dont_email_post_to_subs":false,"_jetpack_newsletter_tier_id":0,"_jetpack_memberships_contains_paywalled_content":false,"_jetpack_memberships_contains_paid_content":false,"footnotes":""},"tags":[485,238,343],"class_list":["post-4270","post","type-post","status-publish","format-standard","has-post-thumbnail","hentry","tag-erasmus","tag-news-home","tag-news-progetti","tipologia-articolo-erasmus"],"acf":[],"jetpack_featured_media_url":"https:\/\/i0.wp.com\/icumbertidemontonepietralunga.edu.it\/wp-content\/uploads\/2025\/02\/IMG_5926-2-scaled.jpg?fit=1920%2C2560&ssl=1","jetpack-related-posts":[{"id":4359,"url":"https:\/\/icumbertidemontonepietralunga.edu.it\/index.php\/2025\/04\/04\/erasmus-vienna\/","url_meta":{"origin":4270,"position":0},"title":"Viaggiare per crescere: sei studentesse di Pietralunga a Vienna con Erasmus+","author":"Annalisa Pierini","date":"4 Aprile 2025","format":false,"excerpt":"Sei studentesse della scuola secondaria di I grado di Pietralunga dell'I.C. Umbertide Montone Pietralunga stanno concludendo, accompagnate da due delle loro insegnanti, un'esperienza indimenticabile grazie al programma Erasmus+. Destinazione: la Ganztagesmittelschule Campus Christine N\u00f6stlinger di Vienna, una scuola dagli spazi innovativi che le ha accolte con grande entusiasmo. Il viaggio\u2026","rel":"","context":"In \"Erasmus + NEWS\"","block_context":{"text":"Erasmus + NEWS","link":"https:\/\/icumbertidemontonepietralunga.edu.it\/index.php\/argomento\/erasmus\/"},"img":{"alt_text":"","src":"https:\/\/i0.wp.com\/icumbertidemontonepietralunga.edu.it\/wp-content\/uploads\/2025\/04\/Wien1.jpeg?fit=900%2C1200&ssl=1&resize=350%2C200","width":350,"height":200,"srcset":"https:\/\/i0.wp.com\/icumbertidemontonepietralunga.edu.it\/wp-content\/uploads\/2025\/04\/Wien1.jpeg?fit=900%2C1200&ssl=1&resize=350%2C200 1x, https:\/\/i0.wp.com\/icumbertidemontonepietralunga.edu.it\/wp-content\/uploads\/2025\/04\/Wien1.jpeg?fit=900%2C1200&ssl=1&resize=525%2C300 1.5x, https:\/\/i0.wp.com\/icumbertidemontonepietralunga.edu.it\/wp-content\/uploads\/2025\/04\/Wien1.jpeg?fit=900%2C1200&ssl=1&resize=700%2C400 2x"},"classes":[]},{"id":4416,"url":"https:\/\/icumbertidemontonepietralunga.edu.it\/index.php\/2025\/05\/15\/minipodcast-pionnieres-femmes-qui-ont-fait-leurope\/","url_meta":{"origin":4270,"position":1},"title":"Minipodcast Pionni\u00e8res \u2013 Femmes qui ont fait l&#8217;Europe","author":"Annalisa Pierini","date":"15 Maggio 2025","format":false,"excerpt":"Nel quadro del progetto Erasmus+ del nostro Istituto, alcune classi hanno realizzato una serie di minipodcast dedicati a figure femminili che hanno contribuito in modo significativo alla costruzione dell\u2019Europa unita. L\u2019idea nasce dall\u2019albo illustrato \"Pioniere. Donne che hanno fatto l\u2019Europa\" di Pina Caporaso, Giulia Mirandola, illustrato da Michela Nanut e\u2026","rel":"","context":"In \"Erasmus + NEWS\"","block_context":{"text":"Erasmus + NEWS","link":"https:\/\/icumbertidemontonepietralunga.edu.it\/index.php\/argomento\/erasmus\/"},"img":{"alt_text":"","src":"https:\/\/i0.wp.com\/icumbertidemontonepietralunga.edu.it\/wp-content\/uploads\/2025\/05\/IMG_3748-scaled.jpg?fit=1200%2C900&ssl=1&resize=350%2C200","width":350,"height":200,"srcset":"https:\/\/i0.wp.com\/icumbertidemontonepietralunga.edu.it\/wp-content\/uploads\/2025\/05\/IMG_3748-scaled.jpg?fit=1200%2C900&ssl=1&resize=350%2C200 1x, https:\/\/i0.wp.com\/icumbertidemontonepietralunga.edu.it\/wp-content\/uploads\/2025\/05\/IMG_3748-scaled.jpg?fit=1200%2C900&ssl=1&resize=525%2C300 1.5x, https:\/\/i0.wp.com\/icumbertidemontonepietralunga.edu.it\/wp-content\/uploads\/2025\/05\/IMG_3748-scaled.jpg?fit=1200%2C900&ssl=1&resize=700%2C400 2x, https:\/\/i0.wp.com\/icumbertidemontonepietralunga.edu.it\/wp-content\/uploads\/2025\/05\/IMG_3748-scaled.jpg?fit=1200%2C900&ssl=1&resize=1050%2C600 3x"},"classes":[]},{"id":2705,"url":"https:\/\/icumbertidemontonepietralunga.edu.it\/index.php\/2023\/09\/06\/evento-formativo-prog-erasmus-im-in-tales-18-settembre-2023_esterna\/","url_meta":{"origin":4270,"position":2},"title":"EVENTO FORMATIVO PROG. ERASMUS I&#8217;M IN TALES 18 SETTEMBRE 2023_ESTERNA","author":"Angela Lucaccioni","date":"6 Settembre 2023","format":false,"excerpt":"","rel":"","context":"In \"News Aggiornamento e formazione\"","block_context":{"text":"News Aggiornamento e formazione","link":"https:\/\/icumbertidemontonepietralunga.edu.it\/index.php\/argomento\/aggiornamento-e-formazione\/"},"img":{"alt_text":"","src":"","width":0,"height":0},"classes":[]},{"id":4317,"url":"https:\/\/icumbertidemontonepietralunga.edu.it\/index.php\/2025\/03\/11\/erasmus-scuole-francesi\/","url_meta":{"origin":4270,"position":3},"title":"Erasmus+ in azione: studenti e docenti alla scoperta delle scuole francesi","author":"Annalisa Pierini","date":"11 Marzo 2025","format":false,"excerpt":"Un nuovo tassello del progetto Erasmus+ dell\u2019I.C. Umbertide Montone Pietralunga si \u00e8 felicemente incastrato: lo scambio con il Coll\u00e8ge francese di Sainte Marie de P\u00e9renchies \u00e8 in corso! Tredici studenti delle classi terze della scuola secondaria di Montone e Umbertide, accompagnati da due delle loro prof, sono impegnatissimi in un'esperienza\u2026","rel":"","context":"In \"Erasmus + NEWS\"","block_context":{"text":"Erasmus + NEWS","link":"https:\/\/icumbertidemontonepietralunga.edu.it\/index.php\/argomento\/erasmus\/"},"img":{"alt_text":"","src":"https:\/\/i0.wp.com\/icumbertidemontonepietralunga.edu.it\/wp-content\/uploads\/2025\/03\/IMG_2743.jpg?fit=1200%2C900&ssl=1&resize=350%2C200","width":350,"height":200,"srcset":"https:\/\/i0.wp.com\/icumbertidemontonepietralunga.edu.it\/wp-content\/uploads\/2025\/03\/IMG_2743.jpg?fit=1200%2C900&ssl=1&resize=350%2C200 1x, https:\/\/i0.wp.com\/icumbertidemontonepietralunga.edu.it\/wp-content\/uploads\/2025\/03\/IMG_2743.jpg?fit=1200%2C900&ssl=1&resize=525%2C300 1.5x, https:\/\/i0.wp.com\/icumbertidemontonepietralunga.edu.it\/wp-content\/uploads\/2025\/03\/IMG_2743.jpg?fit=1200%2C900&ssl=1&resize=700%2C400 2x, https:\/\/i0.wp.com\/icumbertidemontonepietralunga.edu.it\/wp-content\/uploads\/2025\/03\/IMG_2743.jpg?fit=1200%2C900&ssl=1&resize=1050%2C600 3x"},"classes":[]},{"id":4522,"url":"https:\/\/icumbertidemontonepietralunga.edu.it\/index.php\/2025\/06\/27\/uno-sguardo-oltre-i-confini-lesperienza-di-job-shadowing-erasmus-del-prof-rosi\/","url_meta":{"origin":4270,"position":4},"title":"Uno Sguardo oltre i Confini: l&#8217;esperienza di Job Shadowing Erasmus+ del prof. Rosi","author":"Annalisa Pierini","date":"27 Giugno 2025","format":false,"excerpt":"Durante la recente mobilit\u00e0 Erasmus+ dedicata al job shadowing, ho avuto l\u2019opportunit\u00e0 di osservare da vicino il funzionamento di una scuola europea particolarmente innovativa, il Coll\u00e8ge de Sainte Marie du Sacr\u00e9 C\u0153ur di P\u00e8renchies, nel nord della Francia. \u00c8 stata un\u2019esperienza formativa e ispirante, che ha acceso in me nuove\u2026","rel":"","context":"In \"Buone pratiche secondaria I grado\"","block_context":{"text":"Buone pratiche secondaria I grado","link":"https:\/\/icumbertidemontonepietralunga.edu.it\/index.php\/argomento\/buone-pratiche\/"},"img":{"alt_text":"","src":"https:\/\/i0.wp.com\/icumbertidemontonepietralunga.edu.it\/wp-content\/uploads\/2025\/06\/js-fr.jpeg?fit=1200%2C900&ssl=1&resize=350%2C200","width":350,"height":200,"srcset":"https:\/\/i0.wp.com\/icumbertidemontonepietralunga.edu.it\/wp-content\/uploads\/2025\/06\/js-fr.jpeg?fit=1200%2C900&ssl=1&resize=350%2C200 1x, https:\/\/i0.wp.com\/icumbertidemontonepietralunga.edu.it\/wp-content\/uploads\/2025\/06\/js-fr.jpeg?fit=1200%2C900&ssl=1&resize=525%2C300 1.5x, https:\/\/i0.wp.com\/icumbertidemontonepietralunga.edu.it\/wp-content\/uploads\/2025\/06\/js-fr.jpeg?fit=1200%2C900&ssl=1&resize=700%2C400 2x, https:\/\/i0.wp.com\/icumbertidemontonepietralunga.edu.it\/wp-content\/uploads\/2025\/06\/js-fr.jpeg?fit=1200%2C900&ssl=1&resize=1050%2C600 3x"},"classes":[]},{"id":5259,"url":"https:\/\/icumbertidemontonepietralunga.edu.it\/index.php\/2026\/04\/16\/celebriamo-insieme-la-giornata-della-terra\/","url_meta":{"origin":4270,"position":5},"title":"Celebriamo insieme la Giornata della Terra!","author":"AMINA BOGGI","date":"16 Aprile 2026","format":false,"excerpt":"Carissimi ragazze, ragazzi e famiglie, vi aspettiamo MERCOLEDI 22 APRILE dalle 16:30 alle 18:00 presso il GIARDINO DELLA SEDE DI UMBERTIDE per celebrare insieme la nostra \u201cTerra\u201d. Scopriremo come viaggiare in Europa ci aiuti a diventare i \u201ccustodi\u201d del mondo di domani. Vi attendono giochi, curiosit\u00e0 e una sfiziosa merenda!\u2026","rel":"","context":"In \"Erasmus + NEWS\"","block_context":{"text":"Erasmus + NEWS","link":"https:\/\/icumbertidemontonepietralunga.edu.it\/index.php\/argomento\/erasmus\/"},"img":{"alt_text":"","src":"https:\/\/i0.wp.com\/icumbertidemontonepietralunga.edu.it\/wp-content\/uploads\/2026\/04\/earthday.jpg?fit=1200%2C800&ssl=1&resize=350%2C200","width":350,"height":200,"srcset":"https:\/\/i0.wp.com\/icumbertidemontonepietralunga.edu.it\/wp-content\/uploads\/2026\/04\/earthday.jpg?fit=1200%2C800&ssl=1&resize=350%2C200 1x, https:\/\/i0.wp.com\/icumbertidemontonepietralunga.edu.it\/wp-content\/uploads\/2026\/04\/earthday.jpg?fit=1200%2C800&ssl=1&resize=525%2C300 1.5x, https:\/\/i0.wp.com\/icumbertidemontonepietralunga.edu.it\/wp-content\/uploads\/2026\/04\/earthday.jpg?fit=1200%2C800&ssl=1&resize=700%2C400 2x, https:\/\/i0.wp.com\/icumbertidemontonepietralunga.edu.it\/wp-content\/uploads\/2026\/04\/earthday.jpg?fit=1200%2C800&ssl=1&resize=1050%2C600 3x"},"classes":[]}],"jetpack_sharing_enabled":true,"_links":{"self":[{"href":"https:\/\/icumbertidemontonepietralunga.edu.it\/index.php\/wp-json\/wp\/v2\/posts\/4270","targetHints":{"allow":["GET"]}}],"collection":[{"href":"https:\/\/icumbertidemontonepietralunga.edu.it\/index.php\/wp-json\/wp\/v2\/posts"}],"about":[{"href":"https:\/\/icumbertidemontonepietralunga.edu.it\/index.php\/wp-json\/wp\/v2\/types\/post"}],"author":[{"embeddable":true,"href":"https:\/\/icumbertidemontonepietralunga.edu.it\/index.php\/wp-json\/wp\/v2\/users\/53"}],"replies":[{"embeddable":true,"href":"https:\/\/icumbertidemontonepietralunga.edu.it\/index.php\/wp-json\/wp\/v2\/comments?post=4270"}],"version-history":[{"count":6,"href":"https:\/\/icumbertidemontonepietralunga.edu.it\/index.php\/wp-json\/wp\/v2\/posts\/4270\/revisions"}],"predecessor-version":[{"id":4282,"href":"https:\/\/icumbertidemontonepietralunga.edu.it\/index.php\/wp-json\/wp\/v2\/posts\/4270\/revisions\/4282"}],"wp:featuredmedia":[{"embeddable":true,"href":"https:\/\/icumbertidemontonepietralunga.edu.it\/index.php\/wp-json\/wp\/v2\/media\/4275"}],"wp:attachment":[{"href":"https:\/\/icumbertidemontonepietralunga.edu.it\/index.php\/wp-json\/wp\/v2\/media?parent=4270"}],"wp:term":[{"taxonomy":"post_tag","embeddable":true,"href":"https:\/\/icumbertidemontonepietralunga.edu.it\/index.php\/wp-json\/wp\/v2\/tags?post=4270"}],"curies":[{"name":"wp","href":"https:\/\/api.w.org\/{rel}","templated":true}]}}