{"id":4317,"date":"2025-03-11T14:35:29","date_gmt":"2025-03-11T13:35:29","guid":{"rendered":"https:\/\/icumbertidemontonepietralunga.edu.it\/?p=4317"},"modified":"2025-04-04T08:40:29","modified_gmt":"2025-04-04T07:40:29","slug":"erasmus-scuole-francesi","status":"publish","type":"post","link":"https:\/\/icumbertidemontonepietralunga.edu.it\/index.php\/2025\/03\/11\/erasmus-scuole-francesi\/","title":{"rendered":"Erasmus+ in azione: studenti e docenti alla scoperta delle scuole francesi"},"content":{"rendered":"<p data-pm-slice=\"1 1 []\">Un nuovo tassello del <a href=\"https:\/\/www.erasmusplus.it\/\">progetto Erasmus+<\/a> dell\u2019I.C. Umbertide Montone Pietralunga si \u00e8 felicemente incastrato: lo scambio con il Coll\u00e8ge francese di Sainte Marie de P\u00e9renchies \u00e8 in corso!<\/p>\n<p data-pm-slice=\"1 1 []\"><strong>Tredici studenti<\/strong> delle classi terze della scuola secondaria di Montone e Umbertide, accompagnati da<strong> due delle loro prof<\/strong>, sono impegnatissimi in un&#8217;esperienza davvero entusiasmante, tra scambio culturale e pratica linguistica immersiva.<\/p>\n<p>In parallelo, altri<strong> tre docenti<\/strong> dell\u2019istituto &#8211; un professore e due maestre &#8211; sono impegnati in un\u2019attivit\u00e0 di job shadowing presso il <a href=\"https:\/\/www.saintemarieperenchies.fr\/\">Coll\u00e8ge Sainte Marie de P\u00e9renchies<\/a> e l&#8217;<a href=\"http:\/\/www.ecole-stemariesacrecoeur-halluin.websco.fr\/\">\u00c9cole du Sacr\u00e9 Coeur di Halluin<\/a>, dove hanno l&#8217;opportunit\u00e0 di osservare metodologie didattiche differenti e di confrontarsi con i colleghi francesi.<\/p>\n<div id=\"attachment_4331\" style=\"width: 778px\" class=\"wp-caption alignnone\"><img data-recalc-dims=\"1\" loading=\"lazy\" decoding=\"async\" aria-describedby=\"caption-attachment-4331\" data-attachment-id=\"4331\" data-permalink=\"https:\/\/icumbertidemontonepietralunga.edu.it\/index.php\/2025\/03\/11\/erasmus-scuole-francesi\/whatsapp-image-2025-03-11-at-14-50-29\/\" data-orig-file=\"https:\/\/i0.wp.com\/icumbertidemontonepietralunga.edu.it\/wp-content\/uploads\/2025\/03\/WhatsApp-Image-2025-03-11-at-14.50.29.jpeg?fit=1536%2C2048&amp;ssl=1\" data-orig-size=\"1536,2048\" data-comments-opened=\"0\" data-image-meta=\"{&quot;aperture&quot;:&quot;0&quot;,&quot;credit&quot;:&quot;&quot;,&quot;camera&quot;:&quot;&quot;,&quot;caption&quot;:&quot;&quot;,&quot;created_timestamp&quot;:&quot;0&quot;,&quot;copyright&quot;:&quot;&quot;,&quot;focal_length&quot;:&quot;0&quot;,&quot;iso&quot;:&quot;0&quot;,&quot;shutter_speed&quot;:&quot;0&quot;,&quot;title&quot;:&quot;&quot;,&quot;orientation&quot;:&quot;0&quot;}\" data-image-title=\"WhatsApp Image 2025-03-11 at 14.50.29\" data-image-description=\"\" data-image-caption=\"\" data-large-file=\"https:\/\/i0.wp.com\/icumbertidemontonepietralunga.edu.it\/wp-content\/uploads\/2025\/03\/WhatsApp-Image-2025-03-11-at-14.50.29.jpeg?fit=768%2C1024&amp;ssl=1\" class=\"wp-image-4331 size-large\" src=\"https:\/\/i0.wp.com\/icumbertidemontonepietralunga.edu.it\/wp-content\/uploads\/2025\/03\/WhatsApp-Image-2025-03-11-at-14.50.29.jpeg?resize=768%2C1024&#038;ssl=1\" alt=\"\" width=\"768\" height=\"1024\" srcset=\"https:\/\/i0.wp.com\/icumbertidemontonepietralunga.edu.it\/wp-content\/uploads\/2025\/03\/WhatsApp-Image-2025-03-11-at-14.50.29.jpeg?resize=768%2C1024&amp;ssl=1 768w, https:\/\/i0.wp.com\/icumbertidemontonepietralunga.edu.it\/wp-content\/uploads\/2025\/03\/WhatsApp-Image-2025-03-11-at-14.50.29.jpeg?resize=225%2C300&amp;ssl=1 225w, https:\/\/i0.wp.com\/icumbertidemontonepietralunga.edu.it\/wp-content\/uploads\/2025\/03\/WhatsApp-Image-2025-03-11-at-14.50.29.jpeg?resize=1152%2C1536&amp;ssl=1 1152w, https:\/\/i0.wp.com\/icumbertidemontonepietralunga.edu.it\/wp-content\/uploads\/2025\/03\/WhatsApp-Image-2025-03-11-at-14.50.29.jpeg?resize=188%2C250&amp;ssl=1 188w, https:\/\/i0.wp.com\/icumbertidemontonepietralunga.edu.it\/wp-content\/uploads\/2025\/03\/WhatsApp-Image-2025-03-11-at-14.50.29.jpeg?w=1536&amp;ssl=1 1536w\" sizes=\"auto, (max-width: 768px) 100vw, 768px\" \/><p id=\"caption-attachment-4331\" class=\"wp-caption-text\"><em>Gli studenti e le studentesse italo-francesi impegnati in una attivit\u00e0 ludodidattica al Mus\u00e9e Groeninge di Bruges.<\/em><\/p><\/div>\n<p>La mobilit\u00e0 \u00e8 gi\u00e0 entrata nel vivo fra l&#8217;entusiasmo e la partecipazione di tutti: oggi gli studenti si trovano a Bruges, citt\u00e0 fiamminga di straordinaria bellezza, per un\u2019esperienza di apprendimento informale, fuori delle aule scolastiche.<\/p>\n<p>Anche per i docenti, questa esperienza internazionale si rivela preziosissima: l&#8217;osservazione diretta di metodologie e approcci nuovi e l\u2019interazione con insegnanti francesi offrono quotidianamente spunti di riflessione e opportunit\u00e0 di miglioramento per le pratiche educative del nostro istituto.<\/p>\n<p><img data-recalc-dims=\"1\" loading=\"lazy\" decoding=\"async\" data-attachment-id=\"4327\" data-permalink=\"https:\/\/icumbertidemontonepietralunga.edu.it\/index.php\/2025\/03\/11\/erasmus-scuole-francesi\/photo-2025-03-10-10-35-53\/\" data-orig-file=\"https:\/\/i0.wp.com\/icumbertidemontonepietralunga.edu.it\/wp-content\/uploads\/2025\/03\/PHOTO-2025-03-10-10-35-53.jpg?fit=1600%2C777&amp;ssl=1\" data-orig-size=\"1600,777\" data-comments-opened=\"0\" data-image-meta=\"{&quot;aperture&quot;:&quot;0&quot;,&quot;credit&quot;:&quot;&quot;,&quot;camera&quot;:&quot;&quot;,&quot;caption&quot;:&quot;&quot;,&quot;created_timestamp&quot;:&quot;0&quot;,&quot;copyright&quot;:&quot;&quot;,&quot;focal_length&quot;:&quot;0&quot;,&quot;iso&quot;:&quot;0&quot;,&quot;shutter_speed&quot;:&quot;0&quot;,&quot;title&quot;:&quot;&quot;,&quot;orientation&quot;:&quot;0&quot;}\" data-image-title=\"Halluin 1\" data-image-description=\"\" data-image-caption=\"\" data-large-file=\"https:\/\/i0.wp.com\/icumbertidemontonepietralunga.edu.it\/wp-content\/uploads\/2025\/03\/PHOTO-2025-03-10-10-35-53.jpg?fit=1024%2C497&amp;ssl=1\" class=\"alignnone size-large wp-image-4327\" src=\"https:\/\/i0.wp.com\/icumbertidemontonepietralunga.edu.it\/wp-content\/uploads\/2025\/03\/PHOTO-2025-03-10-10-35-53.jpg?resize=1024%2C497&#038;ssl=1\" alt=\"\" width=\"1024\" height=\"497\" srcset=\"https:\/\/i0.wp.com\/icumbertidemontonepietralunga.edu.it\/wp-content\/uploads\/2025\/03\/PHOTO-2025-03-10-10-35-53.jpg?resize=1024%2C497&amp;ssl=1 1024w, https:\/\/i0.wp.com\/icumbertidemontonepietralunga.edu.it\/wp-content\/uploads\/2025\/03\/PHOTO-2025-03-10-10-35-53.jpg?resize=300%2C146&amp;ssl=1 300w, https:\/\/i0.wp.com\/icumbertidemontonepietralunga.edu.it\/wp-content\/uploads\/2025\/03\/PHOTO-2025-03-10-10-35-53.jpg?resize=768%2C373&amp;ssl=1 768w, https:\/\/i0.wp.com\/icumbertidemontonepietralunga.edu.it\/wp-content\/uploads\/2025\/03\/PHOTO-2025-03-10-10-35-53.jpg?resize=1536%2C746&amp;ssl=1 1536w, https:\/\/i0.wp.com\/icumbertidemontonepietralunga.edu.it\/wp-content\/uploads\/2025\/03\/PHOTO-2025-03-10-10-35-53.jpg?resize=515%2C250&amp;ssl=1 515w, https:\/\/i0.wp.com\/icumbertidemontonepietralunga.edu.it\/wp-content\/uploads\/2025\/03\/PHOTO-2025-03-10-10-35-53.jpg?w=1600&amp;ssl=1 1600w\" sizes=\"auto, (max-width: 1000px) 100vw, 1000px\" \/><\/p>\n<p data-pm-slice=\"1 1 []\">L\u2019incontro con un diverso modo di insegnare e apprendere \u00e8 una scintilla che accende curiosit\u00e0 e riaccende in tutti il desiderio di imparare, trasformando ogni sfida in un\u2019opportunit\u00e0 per l&#8217;apprendimento permanente.<\/p>\n<p data-pm-slice=\"1 1 []\">Con entusiasmo, grazie al progetto Erasmus+, raccogliamo la sfida di contribuire alla costruzione di una vera identit\u00e0 europea, fondata sul dialogo e sullo scambio di buone pratiche ed esperienze, convinti che la cooperazione internazionale sia la vera rotta da seguire per <strong>un futuro di pace<\/strong>.<\/p>\n","protected":false},"excerpt":{"rendered":"<p>Un nuovo tassello del progetto Erasmus+ dell\u2019I.C. Umbertide Montone Pietralunga si \u00e8 felicemente incastrato: lo scambio con il Coll\u00e8ge francese di Sainte Marie de P\u00e9renchies \u00e8 in corso! Tredici studenti delle classi terze della scuola secondaria [&hellip;]<\/p>\n","protected":false},"author":53,"featured_media":4324,"comment_status":"closed","ping_status":"closed","sticky":false,"template":"","format":"standard","meta":{"_acf_changed":false,"advanced_seo_description":"","jetpack_seo_html_title":"","jetpack_seo_noindex":false,"_jetpack_newsletter_access":"","_jetpack_dont_email_post_to_subs":false,"_jetpack_newsletter_tier_id":0,"_jetpack_memberships_contains_paywalled_content":false,"_jetpack_memberships_contains_paid_content":false,"footnotes":""},"tags":[485],"class_list":["post-4317","post","type-post","status-publish","format-standard","has-post-thumbnail","hentry","tag-erasmus","tipologia-articolo-erasmus"],"acf":[],"jetpack_featured_media_url":"https:\/\/i0.wp.com\/icumbertidemontonepietralunga.edu.it\/wp-content\/uploads\/2025\/03\/IMG_2743.jpg?fit=1280%2C960&ssl=1","jetpack-related-posts":[{"id":3736,"url":"https:\/\/icumbertidemontonepietralunga.edu.it\/index.php\/2024\/08\/09\/prova-3\/","url_meta":{"origin":4317,"position":0},"title":"Il nostro Istituto ha ottenuto l\u2019accreditamento Erasmus+: Nuove opportunit\u00e0 per studenti e docenti!","author":"admin","date":"9 Agosto 2024","format":false,"excerpt":"Siamo felici di condividere con voi una grande notizia: il I.C. Umbertide Montone Pietralunga ha ottenuto l\u2019accreditamento Erasmus+, aprendo cos\u00ec la porta a nuove e straordinarie opportunit\u00e0 di mobilit\u00e0 e scambi internazionali per il nostro istituto. \ud83c\udf0d\u2708\ufe0f Ma cosa significa, esattamente, ottenere questo accreditamento? L\u2019accreditamento Erasmus+ \u00e8 un riconoscimento che\u2026","rel":"","context":"In \"Erasmus + NEWS\"","block_context":{"text":"Erasmus + NEWS","link":"https:\/\/icumbertidemontonepietralunga.edu.it\/index.php\/argomento\/erasmus\/"},"img":{"alt_text":"","src":"https:\/\/i0.wp.com\/icumbertidemontonepietralunga.edu.it\/wp-content\/uploads\/2024\/08\/erasmus-plus.jpg?fit=933%2C525&ssl=1&resize=350%2C200","width":350,"height":200,"srcset":"https:\/\/i0.wp.com\/icumbertidemontonepietralunga.edu.it\/wp-content\/uploads\/2024\/08\/erasmus-plus.jpg?fit=933%2C525&ssl=1&resize=350%2C200 1x, https:\/\/i0.wp.com\/icumbertidemontonepietralunga.edu.it\/wp-content\/uploads\/2024\/08\/erasmus-plus.jpg?fit=933%2C525&ssl=1&resize=525%2C300 1.5x, https:\/\/i0.wp.com\/icumbertidemontonepietralunga.edu.it\/wp-content\/uploads\/2024\/08\/erasmus-plus.jpg?fit=933%2C525&ssl=1&resize=700%2C400 2x"},"classes":[]},{"id":4552,"url":"https:\/\/icumbertidemontonepietralunga.edu.it\/index.php\/2025\/07\/07\/les-voix-du-passe\/","url_meta":{"origin":4317,"position":1},"title":"Laboratorio Erasmus+ al Museo di Assisi: Les voix du pass\u00e9","author":"sara.borsi3@gmail.com","date":"7 Luglio 2025","format":false,"excerpt":"Al Museo Archeologico e Foro Romano di Assisi, a coppie, gli studenti osservano una stele di un personaggio e ne immaginano la biografia in francese. Dopo l\u2019ascolto dell\u2019audioguida, scrivono e condividono il racconto della \u201cvoce del passato\u201d. Un\u2019attivit\u00e0 creativa per esplorare storia, lingua e memoria in modo personale e coinvolgente.\u2026","rel":"","context":"In \"Buone pratiche secondaria I grado\"","block_context":{"text":"Buone pratiche secondaria I grado","link":"https:\/\/icumbertidemontonepietralunga.edu.it\/index.php\/argomento\/buone-pratiche\/"},"img":{"alt_text":"","src":"https:\/\/i0.wp.com\/icumbertidemontonepietralunga.edu.it\/wp-content\/uploads\/2025\/07\/photo_6008126602896067273_y.jpg?fit=1154%2C1200&ssl=1&resize=350%2C200","width":350,"height":200,"srcset":"https:\/\/i0.wp.com\/icumbertidemontonepietralunga.edu.it\/wp-content\/uploads\/2025\/07\/photo_6008126602896067273_y.jpg?fit=1154%2C1200&ssl=1&resize=350%2C200 1x, https:\/\/i0.wp.com\/icumbertidemontonepietralunga.edu.it\/wp-content\/uploads\/2025\/07\/photo_6008126602896067273_y.jpg?fit=1154%2C1200&ssl=1&resize=525%2C300 1.5x, https:\/\/i0.wp.com\/icumbertidemontonepietralunga.edu.it\/wp-content\/uploads\/2025\/07\/photo_6008126602896067273_y.jpg?fit=1154%2C1200&ssl=1&resize=700%2C400 2x, https:\/\/i0.wp.com\/icumbertidemontonepietralunga.edu.it\/wp-content\/uploads\/2025\/07\/photo_6008126602896067273_y.jpg?fit=1154%2C1200&ssl=1&resize=1050%2C600 3x"},"classes":[]},{"id":5216,"url":"https:\/\/icumbertidemontonepietralunga.edu.it\/index.php\/2026\/03\/28\/asse-umbertide-perenchies-cronaca-di-una-settimana-tra-arte-scoperte-efarina\/","url_meta":{"origin":4317,"position":2},"title":"Asse Umbertide-P\u00e9renchies: cronaca di una settimana tra arte, scoperte e\u2026farina!","author":"AMINA BOGGI","date":"28 Marzo 2026","format":false,"excerpt":"L\u2019Europa non \u00e8 solo un concetto geografico, ma un\u2019emozione che si costruisce stando insieme. Lo hanno dimostrato i sedici protagonisti (otto studenti delle classi seconde di Umbertide e otto coetanei francesi provenienti da P\u00e9renchies) che hanno vissuto una settimana di scambio Erasmus all\u2019insegna della scoperta e dell'amicizia: un\u2019esperienza che ha\u2026","rel":"","context":"In \"Erasmus + NEWS\"","block_context":{"text":"Erasmus + NEWS","link":"https:\/\/icumbertidemontonepietralunga.edu.it\/index.php\/argomento\/erasmus\/"},"img":{"alt_text":"","src":"","width":0,"height":0},"classes":[]},{"id":4270,"url":"https:\/\/icumbertidemontonepietralunga.edu.it\/index.php\/2025\/02\/28\/erasmus-a-vienna-incontro-crescita-e-nuove-prospettive\/","url_meta":{"origin":4317,"position":3},"title":"Erasmus+ a Vienna: incontro, crescita e nuove prospettive","author":"Annalisa Pierini","date":"28 Febbraio 2025","format":false,"excerpt":"In questi giorni di fine febbraio, due docenti della Scuola secondaria dell'Istituto Comprensivo Umbertide Montone Pietralunga stanno partecipando a una visita preparatoria presso la Mittelschule Campus Christine N\u00f6stlinger di Vienna. Questo viaggio rappresenta un tassello fondamentale del nostro progetto Erasmus+, che ad aprile vedr\u00e0 protagonisti sei studenti delle classi terze\u2026","rel":"","context":"In \"Erasmus + NEWS\"","block_context":{"text":"Erasmus + NEWS","link":"https:\/\/icumbertidemontonepietralunga.edu.it\/index.php\/argomento\/erasmus\/"},"img":{"alt_text":"","src":"https:\/\/i0.wp.com\/icumbertidemontonepietralunga.edu.it\/wp-content\/uploads\/2025\/02\/IMG_5926-2-scaled.jpg?fit=900%2C1200&ssl=1&resize=350%2C200","width":350,"height":200,"srcset":"https:\/\/i0.wp.com\/icumbertidemontonepietralunga.edu.it\/wp-content\/uploads\/2025\/02\/IMG_5926-2-scaled.jpg?fit=900%2C1200&ssl=1&resize=350%2C200 1x, https:\/\/i0.wp.com\/icumbertidemontonepietralunga.edu.it\/wp-content\/uploads\/2025\/02\/IMG_5926-2-scaled.jpg?fit=900%2C1200&ssl=1&resize=525%2C300 1.5x, https:\/\/i0.wp.com\/icumbertidemontonepietralunga.edu.it\/wp-content\/uploads\/2025\/02\/IMG_5926-2-scaled.jpg?fit=900%2C1200&ssl=1&resize=700%2C400 2x"},"classes":[]},{"id":4522,"url":"https:\/\/icumbertidemontonepietralunga.edu.it\/index.php\/2025\/06\/27\/uno-sguardo-oltre-i-confini-lesperienza-di-job-shadowing-erasmus-del-prof-rosi\/","url_meta":{"origin":4317,"position":4},"title":"Uno Sguardo oltre i Confini: l&#8217;esperienza di Job Shadowing Erasmus+ del prof. Rosi","author":"Annalisa Pierini","date":"27 Giugno 2025","format":false,"excerpt":"Durante la recente mobilit\u00e0 Erasmus+ dedicata al job shadowing, ho avuto l\u2019opportunit\u00e0 di osservare da vicino il funzionamento di una scuola europea particolarmente innovativa, il Coll\u00e8ge de Sainte Marie du Sacr\u00e9 C\u0153ur di P\u00e8renchies, nel nord della Francia. \u00c8 stata un\u2019esperienza formativa e ispirante, che ha acceso in me nuove\u2026","rel":"","context":"In \"Buone pratiche secondaria I grado\"","block_context":{"text":"Buone pratiche secondaria I grado","link":"https:\/\/icumbertidemontonepietralunga.edu.it\/index.php\/argomento\/buone-pratiche\/"},"img":{"alt_text":"","src":"https:\/\/i0.wp.com\/icumbertidemontonepietralunga.edu.it\/wp-content\/uploads\/2025\/06\/js-fr.jpeg?fit=1200%2C900&ssl=1&resize=350%2C200","width":350,"height":200,"srcset":"https:\/\/i0.wp.com\/icumbertidemontonepietralunga.edu.it\/wp-content\/uploads\/2025\/06\/js-fr.jpeg?fit=1200%2C900&ssl=1&resize=350%2C200 1x, https:\/\/i0.wp.com\/icumbertidemontonepietralunga.edu.it\/wp-content\/uploads\/2025\/06\/js-fr.jpeg?fit=1200%2C900&ssl=1&resize=525%2C300 1.5x, https:\/\/i0.wp.com\/icumbertidemontonepietralunga.edu.it\/wp-content\/uploads\/2025\/06\/js-fr.jpeg?fit=1200%2C900&ssl=1&resize=700%2C400 2x, https:\/\/i0.wp.com\/icumbertidemontonepietralunga.edu.it\/wp-content\/uploads\/2025\/06\/js-fr.jpeg?fit=1200%2C900&ssl=1&resize=1050%2C600 3x"},"classes":[]},{"id":4515,"url":"https:\/\/icumbertidemontonepietralunga.edu.it\/index.php\/2025\/06\/26\/4515\/","url_meta":{"origin":4317,"position":5},"title":"Due maestre per un job shadowing: l&#8217;esperienza internazionale di due docenti della scuola primaria di Pietralunga ad Halluin, Francia","author":"Annalisa Pierini","date":"26 Giugno 2025","format":false,"excerpt":"Accolte con grande cordialit\u00e0 nelle scuole Notre Dame des Fi\u00e8vres, Sacr\u00e9-C\u0153ur e Sainte Marie, lo scorso marzo le docenti M. Silvia Saldi e Chiara Cerafischi, della nostra scuola primaria di Pietralunga, hanno potuto osservare da vicino l\u2019organizzazione del sistema scolastico francese e la vita quotidiana nelle classi. Nel reportage allegato,\u2026","rel":"","context":"In \"Buone pratiche Primaria\"","block_context":{"text":"Buone pratiche Primaria","link":"https:\/\/icumbertidemontonepietralunga.edu.it\/index.php\/argomento\/buone-pratiche-primaria\/"},"img":{"alt_text":"","src":"","width":0,"height":0},"classes":[]}],"jetpack_sharing_enabled":true,"_links":{"self":[{"href":"https:\/\/icumbertidemontonepietralunga.edu.it\/index.php\/wp-json\/wp\/v2\/posts\/4317","targetHints":{"allow":["GET"]}}],"collection":[{"href":"https:\/\/icumbertidemontonepietralunga.edu.it\/index.php\/wp-json\/wp\/v2\/posts"}],"about":[{"href":"https:\/\/icumbertidemontonepietralunga.edu.it\/index.php\/wp-json\/wp\/v2\/types\/post"}],"author":[{"embeddable":true,"href":"https:\/\/icumbertidemontonepietralunga.edu.it\/index.php\/wp-json\/wp\/v2\/users\/53"}],"replies":[{"embeddable":true,"href":"https:\/\/icumbertidemontonepietralunga.edu.it\/index.php\/wp-json\/wp\/v2\/comments?post=4317"}],"version-history":[{"count":8,"href":"https:\/\/icumbertidemontonepietralunga.edu.it\/index.php\/wp-json\/wp\/v2\/posts\/4317\/revisions"}],"predecessor-version":[{"id":4332,"href":"https:\/\/icumbertidemontonepietralunga.edu.it\/index.php\/wp-json\/wp\/v2\/posts\/4317\/revisions\/4332"}],"wp:featuredmedia":[{"embeddable":true,"href":"https:\/\/icumbertidemontonepietralunga.edu.it\/index.php\/wp-json\/wp\/v2\/media\/4324"}],"wp:attachment":[{"href":"https:\/\/icumbertidemontonepietralunga.edu.it\/index.php\/wp-json\/wp\/v2\/media?parent=4317"}],"wp:term":[{"taxonomy":"post_tag","embeddable":true,"href":"https:\/\/icumbertidemontonepietralunga.edu.it\/index.php\/wp-json\/wp\/v2\/tags?post=4317"}],"curies":[{"name":"wp","href":"https:\/\/api.w.org\/{rel}","templated":true}]}}