{"id":5137,"date":"2026-01-06T16:40:31","date_gmt":"2026-01-06T15:40:31","guid":{"rendered":"https:\/\/icumbertidemontonepietralunga.edu.it\/?p=5137"},"modified":"2026-01-06T16:52:05","modified_gmt":"2026-01-06T15:52:05","slug":"scuole-del-comune-di-pietralunga-chiusura-causa-neve","status":"publish","type":"post","link":"https:\/\/icumbertidemontonepietralunga.edu.it\/index.php\/2026\/01\/06\/scuole-del-comune-di-pietralunga-chiusura-causa-neve\/","title":{"rendered":"SCUOLE DEL COMUNE DI PIETRALUNGA &#8211; CHIUSURA CAUSA NEVE"},"content":{"rendered":"<div id=\":18r\">\n<div id=\":18s\">\n<div class=\"qQVYZb\"><\/div>\n<\/div>\n<\/div>\n<div class=\"\">\n<div id=\":18u\" class=\"ii gt\">\n<div id=\":18t\" class=\"a3s aiL\">\n<div id=\"avWBGd-23\">\n<div dir=\"ltr\">\n<div>Cos\u00ec come richiesto dall&#8217;Amministrazione comunale, prego di prendere visione nel sito del Comune di Pietralunga della disposizione del Sindaco circa la chiusura di tutte le scuole del <strong>Comune di Pietralunga per la giornata di domani 7 gennaio<\/strong>. Ulteriori comunicazioni seguiranno nella giornata di domani.<\/div>\n<div><\/div>\n<div>IL DIRIGENTE SCOLASTICO<span style=\"color: #888888;\"><br \/>\n<strong>Paola Avorio<\/strong><\/span><\/div>\n<\/div>\n<\/div>\n<\/div>\n<\/div>\n<\/div>\n","protected":false},"excerpt":{"rendered":"<p>Cos\u00ec come richiesto dall&#8217;Amministrazione comunale, prego di prendere visione nel sito del Comune di Pietralunga della disposizione del Sindaco circa la chiusura di tutte le scuole del Comune di Pietralunga per la giornata di domani 7 [&hellip;]<\/p>\n","protected":false},"author":1,"featured_media":3741,"comment_status":"closed","ping_status":"closed","sticky":false,"template":"","format":"standard","meta":{"_acf_changed":false,"advanced_seo_description":"","jetpack_seo_html_title":"","jetpack_seo_noindex":false,"_jetpack_newsletter_access":"","_jetpack_dont_email_post_to_subs":false,"_jetpack_newsletter_tier_id":0,"_jetpack_memberships_contains_paywalled_content":false,"_jetpack_memberships_contains_paid_content":false,"footnotes":""},"tags":[],"class_list":["post-5137","post","type-post","status-publish","format-standard","has-post-thumbnail","hentry","tipologia-articolo-news"],"acf":[],"jetpack_featured_media_url":"https:\/\/i0.wp.com\/icumbertidemontonepietralunga.edu.it\/wp-content\/uploads\/2024\/08\/LOGO-BUONO-1-1.png?fit=224%2C233&ssl=1","jetpack-related-posts":[{"id":3633,"url":"https:\/\/icumbertidemontonepietralunga.edu.it\/index.php\/2024\/06\/01\/tra-i-sentieri-della-brigata-partigiana-san-faustino\/","url_meta":{"origin":5137,"position":0},"title":"A passi lenti tra i sentieri della Brigata partigiana San Faustino","author":"Claudia Picottini","date":"1 Giugno 2024","format":false,"excerpt":"San Faustino - 1 giugno 2024 - Anticipando la ricorrenza della nascita della nostra Repubblica, che si celebrer\u00e0 domani, la classe 3D ha preso parte a un'escursione storico-naturalistica, guidata da alcuni membri dell'ANPI (Associazione Nazionale Partigiani d'Italia). I ragazzi hanno avuto modo di ripercorrere i sentieri battuti dai partigiani della\u2026","rel":"","context":"Articolo simile","block_context":{"text":"Articolo simile","link":""},"img":{"alt_text":"","src":"https:\/\/i0.wp.com\/icumbertidemontonepietralunga.edu.it\/wp-content\/uploads\/2024\/06\/Foto-da-Claudia-Picottini.jpg?fit=900%2C1200&ssl=1&resize=350%2C200","width":350,"height":200,"srcset":"https:\/\/i0.wp.com\/icumbertidemontonepietralunga.edu.it\/wp-content\/uploads\/2024\/06\/Foto-da-Claudia-Picottini.jpg?fit=900%2C1200&ssl=1&resize=350%2C200 1x, https:\/\/i0.wp.com\/icumbertidemontonepietralunga.edu.it\/wp-content\/uploads\/2024\/06\/Foto-da-Claudia-Picottini.jpg?fit=900%2C1200&ssl=1&resize=525%2C300 1.5x, https:\/\/i0.wp.com\/icumbertidemontonepietralunga.edu.it\/wp-content\/uploads\/2024\/06\/Foto-da-Claudia-Picottini.jpg?fit=900%2C1200&ssl=1&resize=700%2C400 2x"},"classes":[]},{"id":1838,"url":"https:\/\/icumbertidemontonepietralunga.edu.it\/index.php\/2022\/12\/12\/open-day-scuole-dellinfanzia-e-primarie-di-montone-e-pietralunga\/","url_meta":{"origin":5137,"position":1},"title":"Open Day scuole dell&#8217;Infanzia e Primarie di Montone e Pietralunga","author":"admin","date":"12 Dicembre 2022","format":false,"excerpt":"Plesso di Montone Nel mese di gennaio le insegnanti saranno liete di accogliere i genitori che vorranno visitare la scuola su appuntamento e secondo le loro necessit\u00e0 l\u2019appuntamento pu\u00f2 essere preso contattando direttamente la scuola primaria di montone allo 0759306565 Plesso di Pietralunga Infanzia 14 gennaio dalle 16 alle 18\u2026","rel":"","context":"In \"News home\"","block_context":{"text":"News home","link":"https:\/\/icumbertidemontonepietralunga.edu.it\/index.php\/argomento\/news-home\/"},"img":{"alt_text":"","src":"https:\/\/i0.wp.com\/icumbertidemontonepietralunga.edu.it\/wp-content\/uploads\/2022\/09\/LOGO-BUONO.png?fit=224%2C233&ssl=1&resize=350%2C200","width":350,"height":200},"classes":[]},{"id":2882,"url":"https:\/\/icumbertidemontonepietralunga.edu.it\/index.php\/2023\/09\/30\/cordoglio-alla-famiglia-della-nostra-cara-mia\/","url_meta":{"origin":5137,"position":2},"title":"La scuola si stringe attorno alla famiglia della nostra cara Mia","author":"admin","date":"30 Settembre 2023","format":false,"excerpt":"Il dirigente scolastico, insieme agli alunni, alle famiglie, ai docenti, ai collaboratori scolastici della scuola dell'infanzia, primaria e secondaria di Pietralunga e di tutto l'Istituto comprensivo Umbertide Montone Pietralunga partecipano al dolore e si stringono attorno alla famiglia della nostra cara MIA. \u00a0 \u00a0","rel":"","context":"Articolo simile","block_context":{"text":"Articolo simile","link":""},"img":{"alt_text":"","src":"https:\/\/i0.wp.com\/icumbertidemontonepietralunga.edu.it\/wp-content\/uploads\/2023\/09\/WhatsApp-Image-2023-09-30-at-10.39.12.jpeg?fit=1024%2C497&ssl=1&resize=350%2C200","width":350,"height":200,"srcset":"https:\/\/i0.wp.com\/icumbertidemontonepietralunga.edu.it\/wp-content\/uploads\/2023\/09\/WhatsApp-Image-2023-09-30-at-10.39.12.jpeg?fit=1024%2C497&ssl=1&resize=350%2C200 1x, https:\/\/i0.wp.com\/icumbertidemontonepietralunga.edu.it\/wp-content\/uploads\/2023\/09\/WhatsApp-Image-2023-09-30-at-10.39.12.jpeg?fit=1024%2C497&ssl=1&resize=525%2C300 1.5x, https:\/\/i0.wp.com\/icumbertidemontonepietralunga.edu.it\/wp-content\/uploads\/2023\/09\/WhatsApp-Image-2023-09-30-at-10.39.12.jpeg?fit=1024%2C497&ssl=1&resize=700%2C400 2x"},"classes":[]},{"id":3603,"url":"https:\/\/icumbertidemontonepietralunga.edu.it\/index.php\/2024\/05\/16\/il-fantasma-di-canterville\/","url_meta":{"origin":5137,"position":3},"title":"Il Fantasma di Canterville","author":"admin","date":"16 Maggio 2024","format":false,"excerpt":"La Secondaria di I grado G. Polidori dell\u2019I.C. Umbertide Montone Pietralunga presenta lo spettacolo \"Il Fantasma di Canterville\" La scuola Secondaria di I grado G. Polidori dell\u2019Istituto Comprensivo Umbertide Montone Pietralunga \u00e8 lieta di annunciare lo spettacolo teatrale \"Il Fantasma di Canterville\", tratto dal celebre racconto di Oscar Wilde, realizzato\u2026","rel":"","context":"Articolo simile","block_context":{"text":"Articolo simile","link":""},"img":{"alt_text":"","src":"https:\/\/i0.wp.com\/icumbertidemontonepietralunga.edu.it\/wp-content\/uploads\/2024\/05\/Locandina-A3-18-maggio.jpg?fit=848%2C1200&ssl=1&resize=350%2C200","width":350,"height":200,"srcset":"https:\/\/i0.wp.com\/icumbertidemontonepietralunga.edu.it\/wp-content\/uploads\/2024\/05\/Locandina-A3-18-maggio.jpg?fit=848%2C1200&ssl=1&resize=350%2C200 1x, https:\/\/i0.wp.com\/icumbertidemontonepietralunga.edu.it\/wp-content\/uploads\/2024\/05\/Locandina-A3-18-maggio.jpg?fit=848%2C1200&ssl=1&resize=525%2C300 1.5x, https:\/\/i0.wp.com\/icumbertidemontonepietralunga.edu.it\/wp-content\/uploads\/2024\/05\/Locandina-A3-18-maggio.jpg?fit=848%2C1200&ssl=1&resize=700%2C400 2x"},"classes":[]},{"id":4662,"url":"https:\/\/icumbertidemontonepietralunga.edu.it\/index.php\/2025\/08\/28\/incontro-con-gli-alunni-e-genitori-dei-plessi-di-montone-pietralunga-e-pierantonio\/","url_meta":{"origin":5137,"position":4},"title":"Incontro con gli alunni e  genitori dei plessi di MONTONE, PIETRALUNGA E PIERANTONIO.","author":"admin","date":"28 Agosto 2025","format":false,"excerpt":"Si comunica che il giorno venerd\u00ec 5 settembre 2025 alle ore 15:00 si svolger\u00e0, in modalit\u00e0 on line collegandosi cliccando sul link sotto riportato, un incontro in cui la Dirigente incontrer\u00e0 alunni e genitori delle classi prime della scuola secondaria di I grado e fornir\u00e0 tutte le informazioni utili per\u2026","rel":"","context":"Articolo simile","block_context":{"text":"Articolo simile","link":""},"img":{"alt_text":"","src":"https:\/\/i0.wp.com\/icumbertidemontonepietralunga.edu.it\/wp-content\/uploads\/2024\/08\/LOGO-BUONO-1.png?fit=224%2C233&ssl=1&resize=350%2C200","width":350,"height":200},"classes":[]},{"id":4515,"url":"https:\/\/icumbertidemontonepietralunga.edu.it\/index.php\/2025\/06\/26\/4515\/","url_meta":{"origin":5137,"position":5},"title":"Due maestre per un job shadowing: l&#8217;esperienza internazionale di due docenti della scuola primaria di Pietralunga ad Halluin, Francia","author":"Annalisa Pierini","date":"26 Giugno 2025","format":false,"excerpt":"Accolte con grande cordialit\u00e0 nelle scuole Notre Dame des Fi\u00e8vres, Sacr\u00e9-C\u0153ur e Sainte Marie, lo scorso marzo le docenti M. Silvia Saldi e Chiara Cerafischi, della nostra scuola primaria di Pietralunga, hanno potuto osservare da vicino l\u2019organizzazione del sistema scolastico francese e la vita quotidiana nelle classi. Nel reportage allegato,\u2026","rel":"","context":"In \"Buone pratiche Primaria\"","block_context":{"text":"Buone pratiche Primaria","link":"https:\/\/icumbertidemontonepietralunga.edu.it\/index.php\/argomento\/buone-pratiche-primaria\/"},"img":{"alt_text":"","src":"","width":0,"height":0},"classes":[]}],"jetpack_sharing_enabled":true,"_links":{"self":[{"href":"https:\/\/icumbertidemontonepietralunga.edu.it\/index.php\/wp-json\/wp\/v2\/posts\/5137","targetHints":{"allow":["GET"]}}],"collection":[{"href":"https:\/\/icumbertidemontonepietralunga.edu.it\/index.php\/wp-json\/wp\/v2\/posts"}],"about":[{"href":"https:\/\/icumbertidemontonepietralunga.edu.it\/index.php\/wp-json\/wp\/v2\/types\/post"}],"author":[{"embeddable":true,"href":"https:\/\/icumbertidemontonepietralunga.edu.it\/index.php\/wp-json\/wp\/v2\/users\/1"}],"replies":[{"embeddable":true,"href":"https:\/\/icumbertidemontonepietralunga.edu.it\/index.php\/wp-json\/wp\/v2\/comments?post=5137"}],"version-history":[{"count":3,"href":"https:\/\/icumbertidemontonepietralunga.edu.it\/index.php\/wp-json\/wp\/v2\/posts\/5137\/revisions"}],"predecessor-version":[{"id":5141,"href":"https:\/\/icumbertidemontonepietralunga.edu.it\/index.php\/wp-json\/wp\/v2\/posts\/5137\/revisions\/5141"}],"wp:featuredmedia":[{"embeddable":true,"href":"https:\/\/icumbertidemontonepietralunga.edu.it\/index.php\/wp-json\/wp\/v2\/media\/3741"}],"wp:attachment":[{"href":"https:\/\/icumbertidemontonepietralunga.edu.it\/index.php\/wp-json\/wp\/v2\/media?parent=5137"}],"wp:term":[{"taxonomy":"post_tag","embeddable":true,"href":"https:\/\/icumbertidemontonepietralunga.edu.it\/index.php\/wp-json\/wp\/v2\/tags?post=5137"}],"curies":[{"name":"wp","href":"https:\/\/api.w.org\/{rel}","templated":true}]}}