{"id":5196,"date":"2026-03-09T18:50:49","date_gmt":"2026-03-09T17:50:49","guid":{"rendered":"https:\/\/icumbertidemontonepietralunga.edu.it\/?p=5196"},"modified":"2026-03-09T18:52:49","modified_gmt":"2026-03-09T17:52:49","slug":"finale-regionale-dei-giochi-matematici-del-mediterraneo","status":"publish","type":"post","link":"https:\/\/icumbertidemontonepietralunga.edu.it\/index.php\/2026\/03\/09\/finale-regionale-dei-giochi-matematici-del-mediterraneo\/","title":{"rendered":"Finale regionale dei giochi matematici del Mediterraneo"},"content":{"rendered":"<p>Il nostro istituto ha ospitato, venerd\u00ec 6 Marzo, la finale regionale dei giochi matematici del Mediterraneo. 133 studenti provenienti da 11 scuole umbre si sono sfidati nella risoluzione di problemi e quesiti matematici. Il primo classificato di ogni categoria si \u00e8 aggiudicato la possibilit\u00e0 di disputare la finale nazionale a Palermo il 3 maggio 2026. E stata una gara emozionante che ha coinvolto tanti giovani matematici in erba.<\/p>\n<p>La gara matematica organizzata dalla scuola si \u00e8 confermata non solo come una competizione di alto valore didattico, ma anche come un\u2019esperienza formativa e coinvolgente sotto il profilo umano. Gli studenti hanno avuto l\u2019opportunit\u00e0 di vivere la matematica in modo diverso dal consueto: non solo studio e calcoli, ma sfida, curiosit\u00e0, entusiasmo e gioco di squadra. In un clima sereno e stimolante, i ragazzi si sono messi alla prova con impegno e correttezza, imparando a confrontarsi nel rispetto delle regole e degli altri. L\u2019evento ha favorito lo stare insieme in maniera positiva, rafforzando il senso di appartenenza e dimostrando come la matematica possa diventare un\u2019occasione di crescita, condivisione e divertimento.<\/p>\n<p><img data-recalc-dims=\"1\" loading=\"lazy\" decoding=\"async\" data-attachment-id=\"5197\" data-permalink=\"https:\/\/icumbertidemontonepietralunga.edu.it\/index.php\/2026\/03\/09\/finale-regionale-dei-giochi-matematici-del-mediterraneo\/whatsapp-image-2026-03-09-at-14-20-00\/\" data-orig-file=\"https:\/\/i0.wp.com\/icumbertidemontonepietralunga.edu.it\/wp-content\/uploads\/2026\/03\/WhatsApp-Image-2026-03-09-at-14.20.00.jpeg?fit=2000%2C1500&amp;ssl=1\" data-orig-size=\"2000,1500\" data-comments-opened=\"0\" data-image-meta=\"{&quot;aperture&quot;:&quot;0&quot;,&quot;credit&quot;:&quot;&quot;,&quot;camera&quot;:&quot;&quot;,&quot;caption&quot;:&quot;&quot;,&quot;created_timestamp&quot;:&quot;0&quot;,&quot;copyright&quot;:&quot;&quot;,&quot;focal_length&quot;:&quot;0&quot;,&quot;iso&quot;:&quot;0&quot;,&quot;shutter_speed&quot;:&quot;0&quot;,&quot;title&quot;:&quot;&quot;,&quot;orientation&quot;:&quot;0&quot;}\" data-image-title=\"WhatsApp Image 2026-03-09 at 14.20.00\" data-image-description=\"\" data-image-caption=\"\" data-large-file=\"https:\/\/i0.wp.com\/icumbertidemontonepietralunga.edu.it\/wp-content\/uploads\/2026\/03\/WhatsApp-Image-2026-03-09-at-14.20.00.jpeg?fit=1024%2C768&amp;ssl=1\" class=\"aligncenter size-large wp-image-5197\" src=\"https:\/\/i0.wp.com\/icumbertidemontonepietralunga.edu.it\/wp-content\/uploads\/2026\/03\/WhatsApp-Image-2026-03-09-at-14.20.00.jpeg?resize=1024%2C768&#038;ssl=1\" alt=\"\" width=\"1024\" height=\"768\" srcset=\"https:\/\/i0.wp.com\/icumbertidemontonepietralunga.edu.it\/wp-content\/uploads\/2026\/03\/WhatsApp-Image-2026-03-09-at-14.20.00.jpeg?resize=1024%2C768&amp;ssl=1 1024w, https:\/\/i0.wp.com\/icumbertidemontonepietralunga.edu.it\/wp-content\/uploads\/2026\/03\/WhatsApp-Image-2026-03-09-at-14.20.00.jpeg?resize=300%2C225&amp;ssl=1 300w, https:\/\/i0.wp.com\/icumbertidemontonepietralunga.edu.it\/wp-content\/uploads\/2026\/03\/WhatsApp-Image-2026-03-09-at-14.20.00.jpeg?resize=768%2C576&amp;ssl=1 768w, https:\/\/i0.wp.com\/icumbertidemontonepietralunga.edu.it\/wp-content\/uploads\/2026\/03\/WhatsApp-Image-2026-03-09-at-14.20.00.jpeg?resize=1536%2C1152&amp;ssl=1 1536w, https:\/\/i0.wp.com\/icumbertidemontonepietralunga.edu.it\/wp-content\/uploads\/2026\/03\/WhatsApp-Image-2026-03-09-at-14.20.00.jpeg?resize=333%2C250&amp;ssl=1 333w, https:\/\/i0.wp.com\/icumbertidemontonepietralunga.edu.it\/wp-content\/uploads\/2026\/03\/WhatsApp-Image-2026-03-09-at-14.20.00.jpeg?w=2000&amp;ssl=1 2000w\" sizes=\"auto, (max-width: 1000px) 100vw, 1000px\" \/> <img data-recalc-dims=\"1\" loading=\"lazy\" decoding=\"async\" data-attachment-id=\"5198\" data-permalink=\"https:\/\/icumbertidemontonepietralunga.edu.it\/index.php\/2026\/03\/09\/finale-regionale-dei-giochi-matematici-del-mediterraneo\/whatsapp-image-2026-03-09-at-14-20-02\/\" data-orig-file=\"https:\/\/i0.wp.com\/icumbertidemontonepietralunga.edu.it\/wp-content\/uploads\/2026\/03\/WhatsApp-Image-2026-03-09-at-14.20.02.jpeg?fit=1600%2C1200&amp;ssl=1\" data-orig-size=\"1600,1200\" data-comments-opened=\"0\" data-image-meta=\"{&quot;aperture&quot;:&quot;0&quot;,&quot;credit&quot;:&quot;&quot;,&quot;camera&quot;:&quot;&quot;,&quot;caption&quot;:&quot;&quot;,&quot;created_timestamp&quot;:&quot;0&quot;,&quot;copyright&quot;:&quot;&quot;,&quot;focal_length&quot;:&quot;0&quot;,&quot;iso&quot;:&quot;0&quot;,&quot;shutter_speed&quot;:&quot;0&quot;,&quot;title&quot;:&quot;&quot;,&quot;orientation&quot;:&quot;0&quot;}\" data-image-title=\"WhatsApp Image 2026-03-09 at 14.20.02\" data-image-description=\"\" data-image-caption=\"\" data-large-file=\"https:\/\/i0.wp.com\/icumbertidemontonepietralunga.edu.it\/wp-content\/uploads\/2026\/03\/WhatsApp-Image-2026-03-09-at-14.20.02.jpeg?fit=1024%2C768&amp;ssl=1\" class=\"aligncenter size-large wp-image-5198\" src=\"https:\/\/i0.wp.com\/icumbertidemontonepietralunga.edu.it\/wp-content\/uploads\/2026\/03\/WhatsApp-Image-2026-03-09-at-14.20.02.jpeg?resize=1024%2C768&#038;ssl=1\" alt=\"\" width=\"1024\" height=\"768\" srcset=\"https:\/\/i0.wp.com\/icumbertidemontonepietralunga.edu.it\/wp-content\/uploads\/2026\/03\/WhatsApp-Image-2026-03-09-at-14.20.02.jpeg?resize=1024%2C768&amp;ssl=1 1024w, https:\/\/i0.wp.com\/icumbertidemontonepietralunga.edu.it\/wp-content\/uploads\/2026\/03\/WhatsApp-Image-2026-03-09-at-14.20.02.jpeg?resize=300%2C225&amp;ssl=1 300w, https:\/\/i0.wp.com\/icumbertidemontonepietralunga.edu.it\/wp-content\/uploads\/2026\/03\/WhatsApp-Image-2026-03-09-at-14.20.02.jpeg?resize=768%2C576&amp;ssl=1 768w, https:\/\/i0.wp.com\/icumbertidemontonepietralunga.edu.it\/wp-content\/uploads\/2026\/03\/WhatsApp-Image-2026-03-09-at-14.20.02.jpeg?resize=1536%2C1152&amp;ssl=1 1536w, https:\/\/i0.wp.com\/icumbertidemontonepietralunga.edu.it\/wp-content\/uploads\/2026\/03\/WhatsApp-Image-2026-03-09-at-14.20.02.jpeg?resize=333%2C250&amp;ssl=1 333w, https:\/\/i0.wp.com\/icumbertidemontonepietralunga.edu.it\/wp-content\/uploads\/2026\/03\/WhatsApp-Image-2026-03-09-at-14.20.02.jpeg?w=1600&amp;ssl=1 1600w\" sizes=\"auto, (max-width: 1000px) 100vw, 1000px\" \/><\/p>\n","protected":false},"excerpt":{"rendered":"<p>Il nostro istituto ha ospitato, venerd\u00ec 6 Marzo, la finale regionale dei giochi matematici del Mediterraneo. 133 studenti provenienti da 11 scuole umbre si sono sfidati nella risoluzione di problemi e quesiti matematici. Il primo classificato [&hellip;]<\/p>\n","protected":false},"author":1,"featured_media":5198,"comment_status":"closed","ping_status":"closed","sticky":true,"template":"","format":"standard","meta":{"_acf_changed":false,"advanced_seo_description":"","jetpack_seo_html_title":"","jetpack_seo_noindex":false,"_jetpack_newsletter_access":"","_jetpack_dont_email_post_to_subs":false,"_jetpack_newsletter_tier_id":0,"_jetpack_memberships_contains_paywalled_content":false,"_jetpack_memberships_contains_paid_content":false,"footnotes":""},"tags":[343],"class_list":["post-5196","post","type-post","status-publish","format-standard","has-post-thumbnail","hentry","tag-news-progetti","tipologia-articolo-news"],"acf":[],"jetpack_featured_media_url":"https:\/\/i0.wp.com\/icumbertidemontonepietralunga.edu.it\/wp-content\/uploads\/2026\/03\/WhatsApp-Image-2026-03-09-at-14.20.02.jpeg?fit=1600%2C1200&ssl=1","jetpack-related-posts":[{"id":2312,"url":"https:\/\/icumbertidemontonepietralunga.edu.it\/index.php\/2023\/03\/20\/matematici-si-torna-in-scena\/","url_meta":{"origin":5196,"position":0},"title":"Matematici, si torna in scena!","author":"admin","date":"20 Marzo 2023","format":false,"excerpt":"Nella giornata di gioved\u00ec 16 marzo, nel nostro Istituto Comprensivo di Umbertide Montone Pietralunga, dalle ore 15:00 alle ore 17:00, si sono svolte le Finali di area dei Giochi Matematici del Mediterraneo. I Giochi Matematici del Mediterraneo sono un libero concorso riservato a tutti gli allievi delle scuole primarie (limitatamente\u2026","rel":"","context":"Articolo simile","block_context":{"text":"Articolo simile","link":""},"img":{"alt_text":"","src":"https:\/\/i0.wp.com\/icumbertidemontonepietralunga.edu.it\/wp-content\/uploads\/2023\/01\/cropped-LOGO.png?fit=512%2C512&ssl=1&resize=350%2C200","width":350,"height":200},"classes":[]},{"id":1500,"url":"https:\/\/icumbertidemontonepietralunga.edu.it\/index.php\/2022\/11\/07\/cidi-perugia-attivazione-corsi\/","url_meta":{"origin":5196,"position":1},"title":"Cidi Perugia &#8211; attivazione corsi","author":"Angela Lucaccioni","date":"7 Novembre 2022","format":false,"excerpt":"Si ricorda che sono attivi i seguenti corsi di formazione, promossi dal Cidi di Perugia: Nuova valutazione per la scuola primaria: lo stato dell'arte inizio corso: mercoled\u00ec\u00a016 novembre 2022\u00a0 - online Parlare, leggere e scrivere: riflessione sulle carenze comunicative ed espressive. Ipotesi di lavoro (ordini\u00a0di scuole) inizio corso: mercoled\u00ec 30\u2026","rel":"","context":"In \"News Aggiornamento e formazione\"","block_context":{"text":"News Aggiornamento e formazione","link":"https:\/\/icumbertidemontonepietralunga.edu.it\/index.php\/argomento\/aggiornamento-e-formazione\/"},"img":{"alt_text":"","src":"","width":0,"height":0},"classes":[]},{"id":4396,"url":"https:\/\/icumbertidemontonepietralunga.edu.it\/index.php\/2025\/05\/02\/4396\/","url_meta":{"origin":5196,"position":2},"title":"Fase regionale di basket femminile","author":"admin","date":"2 Maggio 2025","format":false,"excerpt":"Mercoled\u00ec 30 aprile le alunne della scuola secondaria di primo grado dell\u2019Istituto Comprensivo di Umbertide Montone e Pietralunga hanno vinto la fase regionale del basket femminile tre contro tre e il 26 e 27\u00a0 maggio 2025 parteciperanno alla fase finale a Roma. Complimenti alle nostre ragazze. Orgogliosi di loro come\u2026","rel":"","context":"Articolo simile","block_context":{"text":"Articolo simile","link":""},"img":{"alt_text":"","src":"https:\/\/i0.wp.com\/icumbertidemontonepietralunga.edu.it\/wp-content\/uploads\/2025\/05\/bascket.jpeg?fit=900%2C1200&ssl=1&resize=350%2C200","width":350,"height":200,"srcset":"https:\/\/i0.wp.com\/icumbertidemontonepietralunga.edu.it\/wp-content\/uploads\/2025\/05\/bascket.jpeg?fit=900%2C1200&ssl=1&resize=350%2C200 1x, https:\/\/i0.wp.com\/icumbertidemontonepietralunga.edu.it\/wp-content\/uploads\/2025\/05\/bascket.jpeg?fit=900%2C1200&ssl=1&resize=525%2C300 1.5x, https:\/\/i0.wp.com\/icumbertidemontonepietralunga.edu.it\/wp-content\/uploads\/2025\/05\/bascket.jpeg?fit=900%2C1200&ssl=1&resize=700%2C400 2x"},"classes":[]},{"id":4342,"url":"https:\/\/icumbertidemontonepietralunga.edu.it\/index.php\/2025\/03\/25\/competizioni-sportive-scolastiche-anno-scolastico-2024-2025\/","url_meta":{"origin":5196,"position":3},"title":"Competizioni sportive scolastiche anno scolastico 2024 2025","author":"admin","date":"25 Marzo 2025","format":false,"excerpt":"Competizioni sportive scolastiche anno scolastico 2024 2025 finali regionali basket femminile, primo classificato le nostre ragazze della secondaria di primo grado di Umbertide Montone Pietralunga. \u00a0 Competizioni sportive scolastiche finali regionali, primo classificato campestre cadetti i ragazzi della scuola secondaria di primo grado di Umbertide Montone Pietralunga","rel":"","context":"In \"News home\"","block_context":{"text":"News home","link":"https:\/\/icumbertidemontonepietralunga.edu.it\/index.php\/argomento\/news-home\/"},"img":{"alt_text":"","src":"https:\/\/i0.wp.com\/icumbertidemontonepietralunga.edu.it\/wp-content\/uploads\/2025\/03\/WhatsApp-Image-2025-03-25-at-11.44.21-768x1024.jpeg?resize=350%2C200&ssl=1","width":350,"height":200,"srcset":"https:\/\/i0.wp.com\/icumbertidemontonepietralunga.edu.it\/wp-content\/uploads\/2025\/03\/WhatsApp-Image-2025-03-25-at-11.44.21-768x1024.jpeg?resize=350%2C200&ssl=1 1x, https:\/\/i0.wp.com\/icumbertidemontonepietralunga.edu.it\/wp-content\/uploads\/2025\/03\/WhatsApp-Image-2025-03-25-at-11.44.21-768x1024.jpeg?resize=525%2C300&ssl=1 1.5x, https:\/\/i0.wp.com\/icumbertidemontonepietralunga.edu.it\/wp-content\/uploads\/2025\/03\/WhatsApp-Image-2025-03-25-at-11.44.21-768x1024.jpeg?resize=700%2C400&ssl=1 2x"},"classes":[]},{"id":4522,"url":"https:\/\/icumbertidemontonepietralunga.edu.it\/index.php\/2025\/06\/27\/uno-sguardo-oltre-i-confini-lesperienza-di-job-shadowing-erasmus-del-prof-rosi\/","url_meta":{"origin":5196,"position":4},"title":"Uno Sguardo oltre i Confini: l&#8217;esperienza di Job Shadowing Erasmus+ del prof. Rosi","author":"Annalisa Pierini","date":"27 Giugno 2025","format":false,"excerpt":"Durante la recente mobilit\u00e0 Erasmus+ dedicata al job shadowing, ho avuto l\u2019opportunit\u00e0 di osservare da vicino il funzionamento di una scuola europea particolarmente innovativa, il Coll\u00e8ge de Sainte Marie du Sacr\u00e9 C\u0153ur di P\u00e8renchies, nel nord della Francia. \u00c8 stata un\u2019esperienza formativa e ispirante, che ha acceso in me nuove\u2026","rel":"","context":"In \"Buone pratiche secondaria I grado\"","block_context":{"text":"Buone pratiche secondaria I grado","link":"https:\/\/icumbertidemontonepietralunga.edu.it\/index.php\/argomento\/buone-pratiche\/"},"img":{"alt_text":"","src":"https:\/\/i0.wp.com\/icumbertidemontonepietralunga.edu.it\/wp-content\/uploads\/2025\/06\/js-fr.jpeg?fit=1200%2C900&ssl=1&resize=350%2C200","width":350,"height":200,"srcset":"https:\/\/i0.wp.com\/icumbertidemontonepietralunga.edu.it\/wp-content\/uploads\/2025\/06\/js-fr.jpeg?fit=1200%2C900&ssl=1&resize=350%2C200 1x, https:\/\/i0.wp.com\/icumbertidemontonepietralunga.edu.it\/wp-content\/uploads\/2025\/06\/js-fr.jpeg?fit=1200%2C900&ssl=1&resize=525%2C300 1.5x, https:\/\/i0.wp.com\/icumbertidemontonepietralunga.edu.it\/wp-content\/uploads\/2025\/06\/js-fr.jpeg?fit=1200%2C900&ssl=1&resize=700%2C400 2x, https:\/\/i0.wp.com\/icumbertidemontonepietralunga.edu.it\/wp-content\/uploads\/2025\/06\/js-fr.jpeg?fit=1200%2C900&ssl=1&resize=1050%2C600 3x"},"classes":[]},{"id":1591,"url":"https:\/\/icumbertidemontonepietralunga.edu.it\/index.php\/2022\/11\/11\/seminario-regionale-per-docenti-antisemitismo-a-scuola-conoscere-prevenire-contrastare\/","url_meta":{"origin":5196,"position":5},"title":"Seminario regionale per docenti: \u201cAntisemitismo a scuola conoscere, prevenire, contrastare\u201d","author":"Angela Lucaccioni","date":"11 Novembre 2022","format":false,"excerpt":"In allegato programma dell'evento","rel":"","context":"In \"News Aggiornamento e formazione\"","block_context":{"text":"News Aggiornamento e formazione","link":"https:\/\/icumbertidemontonepietralunga.edu.it\/index.php\/argomento\/aggiornamento-e-formazione\/"},"img":{"alt_text":"","src":"","width":0,"height":0},"classes":[]}],"jetpack_sharing_enabled":true,"_links":{"self":[{"href":"https:\/\/icumbertidemontonepietralunga.edu.it\/index.php\/wp-json\/wp\/v2\/posts\/5196","targetHints":{"allow":["GET"]}}],"collection":[{"href":"https:\/\/icumbertidemontonepietralunga.edu.it\/index.php\/wp-json\/wp\/v2\/posts"}],"about":[{"href":"https:\/\/icumbertidemontonepietralunga.edu.it\/index.php\/wp-json\/wp\/v2\/types\/post"}],"author":[{"embeddable":true,"href":"https:\/\/icumbertidemontonepietralunga.edu.it\/index.php\/wp-json\/wp\/v2\/users\/1"}],"replies":[{"embeddable":true,"href":"https:\/\/icumbertidemontonepietralunga.edu.it\/index.php\/wp-json\/wp\/v2\/comments?post=5196"}],"version-history":[{"count":1,"href":"https:\/\/icumbertidemontonepietralunga.edu.it\/index.php\/wp-json\/wp\/v2\/posts\/5196\/revisions"}],"predecessor-version":[{"id":5199,"href":"https:\/\/icumbertidemontonepietralunga.edu.it\/index.php\/wp-json\/wp\/v2\/posts\/5196\/revisions\/5199"}],"wp:featuredmedia":[{"embeddable":true,"href":"https:\/\/icumbertidemontonepietralunga.edu.it\/index.php\/wp-json\/wp\/v2\/media\/5198"}],"wp:attachment":[{"href":"https:\/\/icumbertidemontonepietralunga.edu.it\/index.php\/wp-json\/wp\/v2\/media?parent=5196"}],"wp:term":[{"taxonomy":"post_tag","embeddable":true,"href":"https:\/\/icumbertidemontonepietralunga.edu.it\/index.php\/wp-json\/wp\/v2\/tags?post=5196"}],"curies":[{"name":"wp","href":"https:\/\/api.w.org\/{rel}","templated":true}]}}