{"id":5244,"date":"2026-04-04T15:54:11","date_gmt":"2026-04-04T14:54:11","guid":{"rendered":"https:\/\/icumbertidemontonepietralunga.edu.it\/?p=5244"},"modified":"2026-04-04T15:54:11","modified_gmt":"2026-04-04T14:54:11","slug":"a-scuola-con-il-quadro-europeo-digcomp-3-0-un-nuovo-percorso-di-formazione-su-scuola-futura","status":"publish","type":"post","link":"https:\/\/icumbertidemontonepietralunga.edu.it\/index.php\/2026\/04\/04\/a-scuola-con-il-quadro-europeo-digcomp-3-0-un-nuovo-percorso-di-formazione-su-scuola-futura\/","title":{"rendered":"A scuola con il quadro europeo DigComp 3.0 &#8211; Un nuovo percorso di formazione su Scuola Futura"},"content":{"rendered":"<div class=\"row \">\n<div class=\"d-flex align-items-end post-title page-title col-12 col-lg-9\">\n<p><img decoding=\"async\" src=\"https:\/\/scuolafutura.pubblica.istruzione.it\/documents\/290056\/2632368\/competenze_digitali.jpg\/248c83a2-8fc3-a723-5234-0a853f8b24ca?t=1775136785957\" alt=\"\" data-fileentryid=\"3472263\" \/><\/p>\n<\/div>\n<\/div>\n<div class=\"row\">\n<div class=\"col-12\">\n<div class=\"post-content\">\n<p>Il\u00a0<strong><a href=\"https:\/\/publications.jrc.ec.europa.eu\/repository\/handle\/JRC144121\">DigComp 3.0<\/a><\/strong>, il quadro europeo delle competenze digitali, \u00e8 stato di recente aggiornato, integrando, tra l&#8217;altro, intelligenza artificiale, sicurezza informatica e benessere digitale.<\/p>\n<p dir=\"ltr\">Il nuovo strumento \u00e8 indispensabile per chi opera nella scuola per lo sviluppo delle competenze digitali di studenti e docenti.<\/p>\n<p dir=\"ltr\">Sulla piattaforma Scuola Futura \u00e8 disponibile un nuovo percorso di formazione dedicato proprio all&#8217;ultimo aggiornamento del framework: \u201c<a href=\"https:\/\/scuolafutura.pubblica.istruzione.it\/a-scuola-con-il-quadro-europeo-digcomp-3.0\">A scuola con il quadro europeo DigComp 3.0<\/a>\u201d, curato dalle\u00a0<a href=\"https:\/\/scuolafutura.pubblica.istruzione.it\/didattica-digitale\/strumenti-e-materiali\/equipe-formative-territoriali\">\u00c9quipe Formative Territoriali<\/a>\u00a0e rivolto a docenti e dirigenti di ogni ordine e grado. Il percorso \u00e8 centrato sulla costruzione delle competenze del futuro, con una ricca proposta formativa in bilico tra IA, cittadinanza digitale e didattica innovativa. E&#8217; articolato in cinque moduli teorici, corredati da lesson plan, video tutorial, audio overview, mappe e infografiche: a disposizione anche una sezione di prompt ready-to-use sul tema.<\/p>\n<p>L&#8217;appuntamento per incontrare i curatori, conoscere tutti i dettagli e testare le risorse, \u00e8 per\u00a0<strong>marted\u00ec 14 aprile 2026, alle ore 17.00<\/strong>. Il modulo per registrarsi al webinar di presentazione \u00e8 disponibile al seguente link:\u00a0<a href=\"https:\/\/scuolafutura.webex.com\/weblink\/register\/rf947b53db719d75a847cbe2bcf3791f8\">https:\/\/scuolafutura.webex.com\/weblink\/register\/rf947b53db719d75a847cbe2bcf3791f8<\/a><\/p>\n<\/div>\n<\/div>\n<\/div>\n","protected":false},"excerpt":{"rendered":"<p>Il\u00a0DigComp 3.0, il quadro europeo delle competenze digitali, \u00e8 stato di recente aggiornato, integrando, tra l&#8217;altro, intelligenza artificiale, sicurezza informatica e benessere digitale. Il nuovo strumento \u00e8 indispensabile per chi opera nella scuola per lo sviluppo [&hellip;]<\/p>\n","protected":false},"author":1,"featured_media":0,"comment_status":"closed","ping_status":"closed","sticky":false,"template":"","format":"standard","meta":{"_acf_changed":false,"advanced_seo_description":"","jetpack_seo_html_title":"","jetpack_seo_noindex":false,"_jetpack_newsletter_access":"","_jetpack_dont_email_post_to_subs":false,"_jetpack_newsletter_tier_id":0,"_jetpack_memberships_contains_paywalled_content":false,"_jetpack_memberships_contains_paid_content":false,"footnotes":""},"tags":[],"class_list":["post-5244","post","type-post","status-publish","format-standard","hentry","tipologia-articolo-news"],"acf":[],"jetpack_featured_media_url":"","jetpack-related-posts":[{"id":750,"url":"https:\/\/icumbertidemontonepietralunga.edu.it\/index.php\/2022\/09\/14\/le-competenze-digitali-dei-docenti-quale-scuola-vogliamo-dopo-il-covid\/","url_meta":{"origin":5244,"position":0},"title":"Le competenze digitali dei docenti: quale scuola vogliamo dopo il Covid","author":"admin","date":"14 Settembre 2022","format":false,"excerpt":"","rel":"","context":"In \"News PNSD\"","block_context":{"text":"News PNSD","link":"https:\/\/icumbertidemontonepietralunga.edu.it\/index.php\/argomento\/news-pnsd\/"},"img":{"alt_text":"","src":"","width":0,"height":0},"classes":[]},{"id":5087,"url":"https:\/\/icumbertidemontonepietralunga.edu.it\/index.php\/2025\/12\/23\/iscrizioni-alle-scuole-dellinfanzia-e-alle-scuole-del-primo-e-del-secondo-ciclo-di-istruzione-per-lanno-scolastico-2026-2027\/","url_meta":{"origin":5244,"position":1},"title":"Iscrizioni alle scuole dell\u2019infanzia e alle scuole del primo e del secondo ciclo  di istruzione per l\u2019anno scolastico 2026\/2027","author":"admin","date":"23 Dicembre 2025","format":false,"excerpt":"\u00a0 Quali iscrizioni puoi effettuare on line Le iscrizioni on line sono\u00a0obbligatorie per le classi prime delle scuole primarie e secondarie di primo e secondo grado statali e facoltative per le scuole paritarie. Riguardano anche i corsi di istruzione e formazione\u00a0erogati dalle istituzioni formative accreditate dalle Regioni\u00a0Calabria, Campania, Emilia Romagna,\u2026","rel":"","context":"Articolo simile","block_context":{"text":"Articolo simile","link":""},"img":{"alt_text":"","src":"https:\/\/i0.wp.com\/icumbertidemontonepietralunga.edu.it\/wp-content\/uploads\/2025\/12\/Immagine-1024x286.png?resize=350%2C200&ssl=1","width":350,"height":200,"srcset":"https:\/\/i0.wp.com\/icumbertidemontonepietralunga.edu.it\/wp-content\/uploads\/2025\/12\/Immagine-1024x286.png?resize=350%2C200&ssl=1 1x, https:\/\/i0.wp.com\/icumbertidemontonepietralunga.edu.it\/wp-content\/uploads\/2025\/12\/Immagine-1024x286.png?resize=525%2C300&ssl=1 1.5x, https:\/\/i0.wp.com\/icumbertidemontonepietralunga.edu.it\/wp-content\/uploads\/2025\/12\/Immagine-1024x286.png?resize=700%2C400&ssl=1 2x"},"classes":[]},{"id":1504,"url":"https:\/\/icumbertidemontonepietralunga.edu.it\/index.php\/2022\/11\/07\/la-speranza-che-parte-dalla-tua-scuola\/","url_meta":{"origin":5244,"position":2},"title":"La speranza che parte dalla tua scuola","author":"Angela Lucaccioni","date":"7 Novembre 2022","format":false,"excerpt":"In questo momento storico cos\u00ec difficile, il suo ruolo \u00e8 di straordinaria importanza: tenere per mano la sua comunit\u00e0 scolastica, guidarla nel guardare il presente e immaginare un futuro diverso. Crediamo che lei, che con passione e sensibilit\u00e0 svolge questo compito cos\u00ec importante,\u00a0possa affiancarci in un percorso di sensibilizzazione ai\u2026","rel":"","context":"In \"News Aggiornamento e formazione\"","block_context":{"text":"News Aggiornamento e formazione","link":"https:\/\/icumbertidemontonepietralunga.edu.it\/index.php\/argomento\/aggiornamento-e-formazione\/"},"img":{"alt_text":"","src":"","width":0,"height":0},"classes":[]},{"id":1136,"url":"https:\/\/icumbertidemontonepietralunga.edu.it\/index.php\/2022\/09\/30\/newsletter-del-programma-di-educazione-assicurativa-io-i-rischi-n-9-2022\/","url_meta":{"origin":5244,"position":3},"title":"Newsletter del programma di educazione assicurativa &#8220;Io &amp; i rischi&#8221; N.9\/2022","author":"Angela Lucaccioni","date":"30 Settembre 2022","format":false,"excerpt":"Back to school con il programma di educazione assicurativa \u201cIo&irischi\u201d Riparte il nuovo anno scolastico e torna in classe\u00a0Io&irischi, il programma di educazione assicurativa realizzato dal\u00a0Forum ANIA-Consumatori\u00a0in collaborazione con l\u2019Associazione Europea per l\u2019Educazione Economica (AEEE Italia) e il Patrocinio dell\u2019Istituto Nazionale di Documentazione, Innovazione e Ricerca Educativa (INDIRE). Con l\u2019obiettivo\u2026","rel":"","context":"In \"News progetti\"","block_context":{"text":"News progetti","link":"https:\/\/icumbertidemontonepietralunga.edu.it\/index.php\/argomento\/news-progetti\/"},"img":{"alt_text":"","src":"","width":0,"height":0},"classes":[]},{"id":1516,"url":"https:\/\/icumbertidemontonepietralunga.edu.it\/index.php\/2022\/11\/08\/selfieforteachers-verifica-le-tue-competenze-digitali\/","url_meta":{"origin":5244,"position":4},"title":"SELFIEforTEACHERS: Verifica le tue competenze digitali","author":"admin","date":"8 Novembre 2022","format":false,"excerpt":"SELFIEforTEACHERS \u00e8 uno strumento online per aiutare gli insegnanti della scuola primaria e secondaria a sviluppare le loro competenze digitali e l'uso delle tecnologie digitali nella pratica professionale. Attraverso un processo di autoriflessione, gli insegnanti possono conoscere meglio le competenze digitali di cui dispongono e individuare i loro punti di\u2026","rel":"","context":"Articolo simile","block_context":{"text":"Articolo simile","link":""},"img":{"alt_text":"","src":"https:\/\/i0.wp.com\/icumbertidemontonepietralunga.edu.it\/wp-content\/uploads\/2022\/11\/Selfie4Teachers-300x222.png?resize=350%2C200&ssl=1","width":350,"height":200},"classes":[]},{"id":3504,"url":"https:\/\/icumbertidemontonepietralunga.edu.it\/index.php\/2024\/04\/03\/futura-pnrr-competenze-stem-e-multilinguistiche-nelle-scuole-statali-d-m-65-2023-assunzione-in-bilancio-del-finanziamento\/","url_meta":{"origin":5244,"position":5},"title":"FUTURA PNRR &#8211; Competenze STEM e multilinguistiche nelle scuole statali (D.M. 65\/2023)","author":"admin","date":"3 Aprile 2024","format":false,"excerpt":"PROVVEDIMENTO ASSUNZIONE A BILANCIO DISSEMINAZIONE Decreto avviso di selezione gruppo di progetto Avviso di selezione gruppo di progetto a. istanza di partecipazione progettazione Decreto avviso di selezione docenti esperti e tutor Avviso di selezione docenti esperti e tutor a. istanza di partecipazione moduli formativi b. FIRMATO_ALLEGATO elenco moduli per candidatura_DM65\u2026","rel":"","context":"In \"FUTURA PNRR -D.M. 65\/2023\"","block_context":{"text":"FUTURA PNRR -D.M. 65\/2023","link":"https:\/\/icumbertidemontonepietralunga.edu.it\/index.php\/argomento\/futura-pnrr-competenze-stem-e-multilinguistiche-nelle-scuole-statali-d-m-65-2023\/"},"img":{"alt_text":"","src":"","width":0,"height":0},"classes":[]}],"jetpack_sharing_enabled":true,"_links":{"self":[{"href":"https:\/\/icumbertidemontonepietralunga.edu.it\/index.php\/wp-json\/wp\/v2\/posts\/5244","targetHints":{"allow":["GET"]}}],"collection":[{"href":"https:\/\/icumbertidemontonepietralunga.edu.it\/index.php\/wp-json\/wp\/v2\/posts"}],"about":[{"href":"https:\/\/icumbertidemontonepietralunga.edu.it\/index.php\/wp-json\/wp\/v2\/types\/post"}],"author":[{"embeddable":true,"href":"https:\/\/icumbertidemontonepietralunga.edu.it\/index.php\/wp-json\/wp\/v2\/users\/1"}],"replies":[{"embeddable":true,"href":"https:\/\/icumbertidemontonepietralunga.edu.it\/index.php\/wp-json\/wp\/v2\/comments?post=5244"}],"version-history":[{"count":1,"href":"https:\/\/icumbertidemontonepietralunga.edu.it\/index.php\/wp-json\/wp\/v2\/posts\/5244\/revisions"}],"predecessor-version":[{"id":5245,"href":"https:\/\/icumbertidemontonepietralunga.edu.it\/index.php\/wp-json\/wp\/v2\/posts\/5244\/revisions\/5245"}],"wp:attachment":[{"href":"https:\/\/icumbertidemontonepietralunga.edu.it\/index.php\/wp-json\/wp\/v2\/media?parent=5244"}],"wp:term":[{"taxonomy":"post_tag","embeddable":true,"href":"https:\/\/icumbertidemontonepietralunga.edu.it\/index.php\/wp-json\/wp\/v2\/tags?post=5244"}],"curies":[{"name":"wp","href":"https:\/\/api.w.org\/{rel}","templated":true}]}}