{"id":5309,"date":"2026-04-29T10:36:40","date_gmt":"2026-04-29T09:36:40","guid":{"rendered":"https:\/\/icumbertidemontonepietralunga.edu.it\/?p=5309"},"modified":"2026-04-29T10:43:33","modified_gmt":"2026-04-29T09:43:33","slug":"un-gesto-che-scorre-nel-sangue-le-terze-incontrano-lavis","status":"publish","type":"post","link":"https:\/\/icumbertidemontonepietralunga.edu.it\/index.php\/2026\/04\/29\/un-gesto-che-scorre-nel-sangue-le-terze-incontrano-lavis\/","title":{"rendered":"Un gesto che scorre nel sangue: le Terze incontrano l\u2019AVIS"},"content":{"rendered":"<p><strong>Progetto \u201cSolidariet\u00e0\u201d: quando donare diventa una scelta di vita<\/strong><\/p>\n<p>Cosa significa davvero essere cittadini attivi? Spesso pensiamo a grandi imprese eroiche, ma a volte la differenza tra l\u2019indifferenza e l\u2019aiuto concreto passa per un gesto semplice, silenzioso e incredibilmente potente:\u00a0<strong>donare il sangue<\/strong>.<\/p>\n<p>Nei giorni scorsi, le classi terze del nostro istituto hanno partecipato a un incontro speciale nell\u2019ambito del\u00a0<strong>Progetto Solidariet\u00e0<\/strong>, ospitando i volontari dell\u2019<strong>AVIS<\/strong>. Non \u00e8 stata la solita lezione frontale: l\u2019aula si \u00e8 riempita di storie, dati e, soprattutto, di tanta umanit\u00e0.<\/p>\n<p><strong>Un incontro che lascia il segno<\/strong><\/p>\n<p>I volontari sono stati capaci di coinvolgere tutti noi fin dai primi minuti. Con un linguaggio diretto e senza giri di parole, ci hanno spiegato come pochi minuti del nostro tempo possano salvare la vita di chi ha subito un incidente, di chi deve affrontare un intervento chirurgico o di chi combatte contro malattie croniche.<\/p>\n<p>L\u2019interesse dei ragazzi \u00e8 stato\u00a0<strong>vivo e pulsante<\/strong>: molte le domande poste, dalle curiosit\u00e0 tecniche su come avvenga il prelievo, fino ai dubbi su chi possa effettivamente diventare un donatore. \u00c8 stato bello vedere come un tema cos\u00ec profondo abbia saputo scuotere la curiosit\u00e0 degli studenti, facendoli sentire parte di una comunit\u00e0 pi\u00f9 grande.<\/p>\n<p><strong>Non solo sangue: la scuola come palestra di civilt\u00e0<\/strong><\/p>\n<p>Questo incontro non \u00e8 un caso isolato: \u00e8 infatti solo una delle tante tappe di un percorso pi\u00f9 ampio che la nostra scuola porta avanti con orgoglio. Dal Meeting per le scuole di pace ai progetti di inclusione, il nostro istituto si conferma un luogo dove non si studiano solo i libri, ma si imparano le\u00a0<strong>buone pratiche civili<\/strong>.<\/p>\n<p>\u201cDonare non \u00e8 solo dare qualcosa di s\u00e9 agli altri, ma capire che siamo tutti legati da un filo invisibile.\u201d<\/p>\n<p><strong>Perch\u00e9 dire di s\u00ec?<\/strong><\/p>\n<p>Anche se molti di noi dovranno aspettare i 18 anni per poter fare la prima donazione, l\u2019obiettivo di questo incontro \u00e8 stato piantare un seme. Diventare donatori significa:<\/p>\n<ul>\n<li><strong>Controllare la propria salute:<\/strong>\u00a0il donatore \u00e8 sempre monitorato.<\/li>\n<li><strong>Essere solidali:<\/strong>\u00a0un ricambio generazionale \u00e8 fondamentale per garantire le scorte di sangue.<\/li>\n<li><strong>Fare la differenza:<\/strong>\u00a0il sangue non si pu\u00f2 fabbricare in laboratorio; esiste solo se qualcuno decide di donarlo.<\/li>\n<\/ul>\n<p>Ragazzi, la sfida \u00e8 lanciata. La solidariet\u00e0 non \u00e8 un concetto astratto che si legge sui manuali di educazione civica, ma una scelta che possiamo fare ogni giorno.\u00a0<strong>E voi, siete pronti a diventare i donatori di domani?<\/strong><\/p>\n","protected":false},"excerpt":{"rendered":"<p>Progetto \u201cSolidariet\u00e0\u201d: quando donare diventa una scelta di vita Cosa significa davvero essere cittadini attivi? Spesso pensiamo a grandi imprese eroiche, ma a volte la differenza tra l\u2019indifferenza e l\u2019aiuto concreto passa per un gesto semplice, [&hellip;]<\/p>\n","protected":false},"author":1,"featured_media":5311,"comment_status":"closed","ping_status":"closed","sticky":false,"template":"","format":"standard","meta":{"_acf_changed":false,"advanced_seo_description":"","jetpack_seo_html_title":"","jetpack_seo_noindex":false,"_jetpack_newsletter_access":"","_jetpack_dont_email_post_to_subs":false,"_jetpack_newsletter_tier_id":0,"_jetpack_memberships_contains_paywalled_content":false,"_jetpack_memberships_contains_paid_content":false,"footnotes":""},"tags":[],"class_list":["post-5309","post","type-post","status-publish","format-standard","has-post-thumbnail","hentry","tipologia-articolo-news"],"acf":[],"jetpack_featured_media_url":"https:\/\/i0.wp.com\/icumbertidemontonepietralunga.edu.it\/wp-content\/uploads\/2026\/04\/WhatsApp-Image-2026-04-28-at-15.15.17.jpeg?fit=2040%2C1530&ssl=1","jetpack-related-posts":[{"id":2847,"url":"https:\/\/icumbertidemontonepietralunga.edu.it\/index.php\/2023\/09\/23\/progetto-facciamo-un-gesto-concreto-insieme-la-giornata-della-colletta-alimentare-2023\/","url_meta":{"origin":5309,"position":0},"title":"progetto FACCIAMO UN GESTO CONCRETO INSIEME &#8211; la Giornata della Colletta Alimentare 2023","author":"Angela Lucaccioni","date":"23 Settembre 2023","format":false,"excerpt":"Inviamo in allegato copia del progetto che prevede, tra l'atro la partecipazione degli alunni e dei loro insegnanti alla Giornata Nazionale della Colletta Alimentare prevista per il prossimo 18 novembre 2023. Preghiamo di diffondere presso gli insegnanti. Cordialit\u00e0 \u2002\u2002\u2002\u2002\u2002\u2002\u2002\u2002\u2002\u2002\u2002\u2002\u2002\u2002\u2002\u2002\u2002\u2002\u2002\u2002\u2002\u2002\u2002\u2002\u2002\u2002\u2002\u2002\u2002\u2002\u2002\u2002\u2002\u2002\u2002\u2002Angelo R.Anglano \u2002\u2002\u2002\u2002\u2002\u2002\u2002\u2002\u2002\u2002\u2002\u2002\u2002\u2002\u2002\u2002\u2002\u2002\u2002\u2002\u2002\u2002\u2002\u2002\u2002\u2002\u2002\u2002\u2002\u2002\u2002\u2002\u2002\u2002\u2002\u2002Responsabile del progetto \u2002\u2002\u2002\u2002\u2002\u2002\u2002\u2002\u2002\u2002\u2002\u2002\u2002\u2002\u2002\u2002\u2002\u2002\u2002\u2002\u2002\u2002\u2002\u2002\u2002\u2002\u2002\u2002\u2002\u2002\u2002\u2002\u2002\u2002\u2002\u2002Colletta a scuola del Banco \u2002\u2002\u2002\u2002\u2002\u2002\u2002\u2002\u2002\u2002\u2002\u2002\u2002\u2002\u2002\u2002\u2002\u2002\u2002\u2002\u2002\u2002\u2002\u2002\u2002\u2002\u2002\u2002\u2002\u2002\u2002\u2002\u2002\u2002\u2002\u2002Alimentare dell'Umbria\u2026","rel":"","context":"In \"News Aggiornamento e formazione\"","block_context":{"text":"News Aggiornamento e formazione","link":"https:\/\/icumbertidemontonepietralunga.edu.it\/index.php\/argomento\/aggiornamento-e-formazione\/"},"img":{"alt_text":"","src":"","width":0,"height":0},"classes":[]},{"id":2289,"url":"https:\/\/icumbertidemontonepietralunga.edu.it\/index.php\/2023\/03\/20\/proroga-scadenza-del-bando-di-concorso-nazionale-attiviamo-il-wi-fi-della-solidarieta-indetto-dalla-caritas-italiana\/","url_meta":{"origin":5309,"position":1},"title":"Proroga scadenza del Bando di Concorso Nazionale \u201cAttiviamo il wi-fi della solidariet\u00e0\u201d indetto dalla Caritas Italiana","author":"Angela Lucaccioni","date":"20 Marzo 2023","format":false,"excerpt":"","rel":"","context":"In \"News Aggiornamento e formazione\"","block_context":{"text":"News Aggiornamento e formazione","link":"https:\/\/icumbertidemontonepietralunga.edu.it\/index.php\/argomento\/aggiornamento-e-formazione\/"},"img":{"alt_text":"","src":"","width":0,"height":0},"classes":[]},{"id":4270,"url":"https:\/\/icumbertidemontonepietralunga.edu.it\/index.php\/2025\/02\/28\/erasmus-a-vienna-incontro-crescita-e-nuove-prospettive\/","url_meta":{"origin":5309,"position":2},"title":"Erasmus+ a Vienna: incontro, crescita e nuove prospettive","author":"Annalisa Pierini","date":"28 Febbraio 2025","format":false,"excerpt":"In questi giorni di fine febbraio, due docenti della Scuola secondaria dell'Istituto Comprensivo Umbertide Montone Pietralunga stanno partecipando a una visita preparatoria presso la Mittelschule Campus Christine N\u00f6stlinger di Vienna. Questo viaggio rappresenta un tassello fondamentale del nostro progetto Erasmus+, che ad aprile vedr\u00e0 protagonisti sei studenti delle classi terze\u2026","rel":"","context":"In \"Erasmus + NEWS\"","block_context":{"text":"Erasmus + NEWS","link":"https:\/\/icumbertidemontonepietralunga.edu.it\/index.php\/argomento\/erasmus\/"},"img":{"alt_text":"","src":"https:\/\/i0.wp.com\/icumbertidemontonepietralunga.edu.it\/wp-content\/uploads\/2025\/02\/IMG_5926-2-scaled.jpg?fit=900%2C1200&ssl=1&resize=350%2C200","width":350,"height":200,"srcset":"https:\/\/i0.wp.com\/icumbertidemontonepietralunga.edu.it\/wp-content\/uploads\/2025\/02\/IMG_5926-2-scaled.jpg?fit=900%2C1200&ssl=1&resize=350%2C200 1x, https:\/\/i0.wp.com\/icumbertidemontonepietralunga.edu.it\/wp-content\/uploads\/2025\/02\/IMG_5926-2-scaled.jpg?fit=900%2C1200&ssl=1&resize=525%2C300 1.5x, https:\/\/i0.wp.com\/icumbertidemontonepietralunga.edu.it\/wp-content\/uploads\/2025\/02\/IMG_5926-2-scaled.jpg?fit=900%2C1200&ssl=1&resize=700%2C400 2x"},"classes":[]},{"id":3229,"url":"https:\/\/icumbertidemontonepietralunga.edu.it\/index.php\/2023\/11\/13\/presentazione-del-percorso-di-orientamento-ai-genitori-degli-alunni-delle-classi-terze\/","url_meta":{"origin":5309,"position":3},"title":"Presentazione del percorso di orientamento ai genitori degli alunni delle classi terze","author":"Anna Rita Belmonti","date":"13 Novembre 2023","format":false,"excerpt":"Presentazione percorso orientamento per genitori","rel":"","context":"Articolo simile","block_context":{"text":"Articolo simile","link":""},"img":{"alt_text":"","src":"","width":0,"height":0},"classes":[]},{"id":1551,"url":"https:\/\/icumbertidemontonepietralunga.edu.it\/index.php\/2022\/11\/10\/giornate-di-open-day-e-attivita-laboratoriali-capitiniopen-per-le-classi-seconde-e-terze-medie\/","url_meta":{"origin":5309,"position":4},"title":"Giornate di Open Day e attivit\u00e0 laboratoriali \u201cCAPITINIOPEN\u201d per le classi seconde e terze medie","author":"Anna Rita Belmonti","date":"10 Novembre 2022","format":false,"excerpt":"","rel":"","context":"Articolo simile","block_context":{"text":"Articolo simile","link":""},"img":{"alt_text":"","src":"","width":0,"height":0},"classes":[]},{"id":2774,"url":"https:\/\/icumbertidemontonepietralunga.edu.it\/index.php\/2023\/09\/12\/progetto-accoglienza\/","url_meta":{"origin":5309,"position":5},"title":"Progetto accoglienza A.S. 23-24","author":"admin","date":"12 Settembre 2023","format":false,"excerpt":"Si prega di prendere attenta visione del Progetto Accoglienza, che sar\u00e0 inviato anche alle famiglie. Si raccomandano la massima collaborazione e comunicazione tra i docenti dei Consigli di Classe affinch\u00e9 tutte le attivit\u00e0 vengano portate a termine, anche se si dovessero rendere necessari adeguamenti nei tempi e nell'organizzazione per motivi\u2026","rel":"","context":"In \"News home\"","block_context":{"text":"News home","link":"https:\/\/icumbertidemontonepietralunga.edu.it\/index.php\/argomento\/news-home\/"},"img":{"alt_text":"","src":"","width":0,"height":0},"classes":[]}],"jetpack_sharing_enabled":true,"_links":{"self":[{"href":"https:\/\/icumbertidemontonepietralunga.edu.it\/index.php\/wp-json\/wp\/v2\/posts\/5309","targetHints":{"allow":["GET"]}}],"collection":[{"href":"https:\/\/icumbertidemontonepietralunga.edu.it\/index.php\/wp-json\/wp\/v2\/posts"}],"about":[{"href":"https:\/\/icumbertidemontonepietralunga.edu.it\/index.php\/wp-json\/wp\/v2\/types\/post"}],"author":[{"embeddable":true,"href":"https:\/\/icumbertidemontonepietralunga.edu.it\/index.php\/wp-json\/wp\/v2\/users\/1"}],"replies":[{"embeddable":true,"href":"https:\/\/icumbertidemontonepietralunga.edu.it\/index.php\/wp-json\/wp\/v2\/comments?post=5309"}],"version-history":[{"count":1,"href":"https:\/\/icumbertidemontonepietralunga.edu.it\/index.php\/wp-json\/wp\/v2\/posts\/5309\/revisions"}],"predecessor-version":[{"id":5310,"href":"https:\/\/icumbertidemontonepietralunga.edu.it\/index.php\/wp-json\/wp\/v2\/posts\/5309\/revisions\/5310"}],"wp:featuredmedia":[{"embeddable":true,"href":"https:\/\/icumbertidemontonepietralunga.edu.it\/index.php\/wp-json\/wp\/v2\/media\/5311"}],"wp:attachment":[{"href":"https:\/\/icumbertidemontonepietralunga.edu.it\/index.php\/wp-json\/wp\/v2\/media?parent=5309"}],"wp:term":[{"taxonomy":"post_tag","embeddable":true,"href":"https:\/\/icumbertidemontonepietralunga.edu.it\/index.php\/wp-json\/wp\/v2\/tags?post=5309"}],"curies":[{"name":"wp","href":"https:\/\/api.w.org\/{rel}","templated":true}]}}